{"id":28059,"date":"2026-09-03T10:06:59","date_gmt":"2026-09-03T08:06:59","guid":{"rendered":"https:\/\/aeroclub.ch\/?p=28059"},"modified":"2026-09-03T10:06:59","modified_gmt":"2026-09-03T08:06:59","slug":"electrifly-in-bern-die-batterien-sind-geladen","status":"publish","type":"post","link":"https:\/\/aeroclub.ch\/it\/electrifly-in-bern-die-batterien-sind-geladen\/","title":{"rendered":"Electrifly-In Bern: Die Batterien sind geladen!"},"content":{"rendered":"<p class=\"p2\"><b>Am Wochenende vom 12.\/13. September pr\u00e4sentiert sich das Electrifly-In Switzerland mit der 10. Ausgabe. Die Veranstaltung zu nachhaltigem Fliegen auf der Bundesbasis am Flughafen Bern bietet ein vielf\u00e4ltiges Programm mit einer abwechslungsreichen Ausstellung, Referaten und einem interessanten eTalk. Dazu kommen eine gem\u00fctliche Festwirtschaft und die M\u00f6glichkeit, Schnupperfl\u00fcge in einem Elektroflugzeug zu erleben. <\/b><\/p>\n<p class=\"p2\">Das Electrifly-In Switzerland beginnt am Freitagabend (11. September) mit einem Networking Event. Die geladenen G\u00e4ste werden begr\u00fcsst durch Matthias Jauslin, (Nationalrat, Pr\u00e4sident Aero-Club der Schweiz), Raphael Lanz (Regierungsrat, Wirtschafts-, Energie und Umweltdirektor Kanton Bern), Jean-Michel With (Gemeinde-vizepr\u00e4sident Belp, Vorstand IG Berner Luftverkehr) und Urs Ryf (CEO Bern Airport).<\/p>\n<p class=\"p2\"><b>Einblick in neueste Technologien <\/b><b><\/b><\/p>\n<p class=\"p2\">Im Hangar der Bundesbasis (Bushaltestelle \u00abGiessenbad\u00bb) zeigen verschiedene nationale und internationale Entwicklerteams ihre Projekte, Technologien und Leistungen. Entdecken Sie, was hinter den folgenden Namen steckt: \u00ab1Comet\u00bb, \u00abMilan Aircraft\u00bb, \u00abCellsius\u00bb, \u00abAeroDelft\u00bb, \u00abElektra Solar\u00bb, \u00abSmartflyer\u00bb, \u00abUnicorn Aviation\u00bb oder \u00abElectric 131 B\u00fccker Jungmann\u00bb! Das Fly-In wird umrahmt von einem abwechslungsreichen Symposium mit verschiedenen Referaten \u2013 darunter ein Bericht von Uwe Nortmann, der mit seinem Elektroflugzeug von Bayern via Schweden bis nach Finnland flog. Beim Podiumsgespr\u00e4ch eTalk halten Ingenieure und ein Zukunftsforscher R\u00fcckschau auf die vergangenen 10 Jahre und machen einen Ausblick: Wie werden k\u00fcnftige Flugzeuge wohl angetrieben? Moderiert wird der Talk von Alex Miescher.<\/p>\n<p class=\"p1\"><b>Servizio navetta dalla stazione ferroviaria di Belp <\/b><b><\/b><\/p>\n<p class=\"p1\">Wir empfehlen den Besucherinnen und Besuchern die Anreise mit den \u00f6ffentlichen Verkehrsmitteln. Um die Nachhaltigkeit zu unterstreichen, bieten wir einen Shuttledienst mit eAutos an. Pickups am Bahnhof Belp und am Haupteingang zum Flughafenterminal. Disposition auf Bestellung unter Tel. 078 207 64 14. <strong>pd<\/strong><\/p>","protected":false},"excerpt":{"rendered":"<p>Am Wochenende vom 12.\/13. September pr\u00e4sentiert sich das Electrifly-In Switzerland mit der 10. Ausgabe. Die Veranstaltung zu nachhaltigem Fliegen auf<\/p>","protected":false},"author":2,"featured_media":24738,"comment_status":"open","ping_status":"open","sticky":false,"template":"","format":"standard","meta":{"colormag_page_container_layout":"default_layout","colormag_page_sidebar_layout":"default_layout","footnotes":""},"categories":[44],"tags":[],"class_list":["post-28059","post","type-post","status-publish","format-standard","has-post-thumbnail","hentry","category-aktuell"],"_links":{"self":[{"href":"https:\/\/aeroclub.ch\/it\/wp-json\/wp\/v2\/posts\/28059","targetHints":{"allow":["GET"]}}],"collection":[{"href":"https:\/\/aeroclub.ch\/it\/wp-json\/wp\/v2\/posts"}],"about":[{"href":"https:\/\/aeroclub.ch\/it\/wp-json\/wp\/v2\/types\/post"}],"author":[{"embeddable":true,"href":"https:\/\/aeroclub.ch\/it\/wp-json\/wp\/v2\/users\/2"}],"replies":[{"embeddable":true,"href":"https:\/\/aeroclub.ch\/it\/wp-json\/wp\/v2\/comments?post=28059"}],"version-history":[{"count":3,"href":"https:\/\/aeroclub.ch\/it\/wp-json\/wp\/v2\/posts\/28059\/revisions"}],"predecessor-version":[{"id":28062,"href":"https:\/\/aeroclub.ch\/it\/wp-json\/wp\/v2\/posts\/28059\/revisions\/28062"}],"wp:featuredmedia":[{"embeddable":true,"href":"https:\/\/aeroclub.ch\/it\/wp-json\/wp\/v2\/media\/24738"}],"wp:attachment":[{"href":"https:\/\/aeroclub.ch\/it\/wp-json\/wp\/v2\/media?parent=28059"}],"wp:term":[{"taxonomy":"category","embeddable":true,"href":"https:\/\/aeroclub.ch\/it\/wp-json\/wp\/v2\/categories?post=28059"},{"taxonomy":"post_tag","embeddable":true,"href":"https:\/\/aeroclub.ch\/it\/wp-json\/wp\/v2\/tags?post=28059"}],"curies":[{"name":"wp","href":"https:\/\/api.w.org\/{rel}","templated":true}]}}