{"id":28036,"date":"2026-09-01T16:06:27","date_gmt":"2026-09-01T14:06:27","guid":{"rendered":"https:\/\/aeroclub.ch\/?p=28036"},"modified":"2026-09-01T16:06:27","modified_gmt":"2026-09-01T14:06:27","slug":"leserreise-nach-villaroche-ist-abgesagt","status":"publish","type":"post","link":"https:\/\/aeroclub.ch\/it\/leserreise-nach-villaroche-ist-abgesagt\/","title":{"rendered":"Il viaggio organizzato per i lettori a Villaroche \u00e8 stato annullato"},"content":{"rendered":"<p><strong>La rivista AeroRevue aveva incaricato la societ\u00e0 Air Travel Assist, con sede a Kaiserstuhl, di organizzare e realizzare due viaggi per i lettori. Purtroppo dobbiamo ritenere che il secondo viaggio a Parigi non avr\u00e0 luogo.\u00a0\u00a0<\/strong><\/p>\n<p>Il titolare della societ\u00e0 Air Travel Assist sembra essere gravemente malato da tempo e non \u00e8 pi\u00f9 raggiungibile. Ora ci hanno contattato due persone che avevano prenotato il viaggio, ma che a loro volta non hanno pi\u00f9 ricevuto alcuna informazione dal titolare dell\u2019agenzia di viaggi. Purtroppo dobbiamo presumere che questo viaggio non avr\u00e0 luogo. All\u2019Aero-Club, nonostante ripetute richieste, non abbiamo purtroppo ricevuto ulteriori informazioni dalla societ\u00e0 Air Travel Assist. Negli ultimi due giorni siamo venuti a conoscenza di due persone che avevano prenotato il loro viaggio.<\/p>\n<p>Consigliamo alle persone interessate che hanno gi\u00e0 effettuato il pagamento di inviare la propria richiesta di rimborso tramite raccomandata direttamente all'agenzia di viaggi. Ci scusiamo per questa situazione molto spiacevole.<\/p>\n<p><a href=\"https:\/\/www.leserreisen.airtravel.ch\/teilnahmebestimmungen\" target=\"_blank\" rel=\"noopener\">https:\/\/www.leserreisen.airtravel.ch\/teilnahmebestimmungen<\/a><\/p>","protected":false},"excerpt":{"rendered":"<p>Die AeroRevue hatte die Firma Air Travel Assist, Kaiserstuhl,\u00a0 mit der Organisation und Durchf\u00fchrung von zwei Leserreisen beauftragt. Leider m\u00fcssen<\/p>","protected":false},"author":2,"featured_media":28037,"comment_status":"open","ping_status":"open","sticky":false,"template":"","format":"standard","meta":{"colormag_page_container_layout":"default_layout","colormag_page_sidebar_layout":"default_layout","footnotes":""},"categories":[44],"tags":[],"class_list":["post-28036","post","type-post","status-publish","format-standard","has-post-thumbnail","hentry","category-aktuell"],"_links":{"self":[{"href":"https:\/\/aeroclub.ch\/it\/wp-json\/wp\/v2\/posts\/28036","targetHints":{"allow":["GET"]}}],"collection":[{"href":"https:\/\/aeroclub.ch\/it\/wp-json\/wp\/v2\/posts"}],"about":[{"href":"https:\/\/aeroclub.ch\/it\/wp-json\/wp\/v2\/types\/post"}],"author":[{"embeddable":true,"href":"https:\/\/aeroclub.ch\/it\/wp-json\/wp\/v2\/users\/2"}],"replies":[{"embeddable":true,"href":"https:\/\/aeroclub.ch\/it\/wp-json\/wp\/v2\/comments?post=28036"}],"version-history":[{"count":2,"href":"https:\/\/aeroclub.ch\/it\/wp-json\/wp\/v2\/posts\/28036\/revisions"}],"predecessor-version":[{"id":28039,"href":"https:\/\/aeroclub.ch\/it\/wp-json\/wp\/v2\/posts\/28036\/revisions\/28039"}],"wp:featuredmedia":[{"embeddable":true,"href":"https:\/\/aeroclub.ch\/it\/wp-json\/wp\/v2\/media\/28037"}],"wp:attachment":[{"href":"https:\/\/aeroclub.ch\/it\/wp-json\/wp\/v2\/media?parent=28036"}],"wp:term":[{"taxonomy":"category","embeddable":true,"href":"https:\/\/aeroclub.ch\/it\/wp-json\/wp\/v2\/categories?post=28036"},{"taxonomy":"post_tag","embeddable":true,"href":"https:\/\/aeroclub.ch\/it\/wp-json\/wp\/v2\/tags?post=28036"}],"curies":[{"name":"wp","href":"https:\/\/api.w.org\/{rel}","templated":true}]}}