{"id":28032,"date":"2026-09-01T14:17:27","date_gmt":"2026-09-01T12:17:27","guid":{"rendered":"https:\/\/aeroclub.ch\/?p=28032"},"modified":"2026-09-01T14:17:27","modified_gmt":"2026-09-01T12:17:27","slug":"fliegerfest-birrfeld-vom-12-september-muss-verschoben-werden","status":"publish","type":"post","link":"https:\/\/aeroclub.ch\/it\/fliegerfest-birrfeld-vom-12-september-muss-verschoben-werden\/","title":{"rendered":"La manifestazione aerea di Birrfeld prevista per il 12 settembre dovr\u00e0 essere rinviata"},"content":{"rendered":"<p><strong>A causa dei danni provocati dal maltempo, la manifestazione aerea di Birrfeld prevista per il 12 settembre non potr\u00e0 avere luogo. Di seguito \u00e8 riportata una dichiarazione del comitato organizzativo:<\/strong><\/p>\n<p id=\"isPasted\" class=\"default\">\u00abVenerd\u00ec 28 agosto 2026, il Birrfeld \u00e8 stato colpito da una grandinata di straordinaria intensit\u00e0. Le conseguenze di questo evento continuano a tenerci intensamente occupati ancora oggi. Diversi hangar sono attualmente utilizzabili solo in misura limitata, numerosi aeromobili hanno subito danni e i lavori di sgombero e ripristino richiederanno ancora molto tempo. Inoltre, i danni visibili stanno attualmente caratterizzando l\u2019aspetto del nostro aeroporto.<\/p>\n<p id=\"isPasted\" class=\"default\">Negli ultimi giorni il Consiglio di Amministrazione, la Direzione e il Comitato Organizzativo hanno valutato diverse possibilit\u00e0. Al centro della nostra riflessione vi era la questione se fossimo in grado di presentare il Birrfeld ai nostri ospiti, ai nostri partner e alla popolazione proprio come avevamo inizialmente previsto. Dopo un'attenta valutazione, siamo giunti alla conclusione che ci\u00f2 non sia possibile nelle circostanze attuali.<\/p>\n<p id=\"isPasted\" class=\"default\">Una festa dell\u2019aerodromo ha lo scopo di suscitare entusiasmo per l\u2019aviazione, favorire gli incontri e mostrare l\u2019aerodromo sotto la sua luce migliore. Invece, l\u2019evento risulterebbe caratterizzato dai lavori di ripristino in corso, dalle infrastrutture limitate e dai danni causati dalla tempesta non ancora riparati. Ci\u00f2 non corrisponde n\u00e9 alle nostre aspirazioni n\u00e9 all\u2019esperienza che desideriamo offrire ai nostri visitatori.<\/p>\n<p id=\"isPasted\" class=\"default\"><strong>Abbiamo quindi deciso di rinviare sia la festa dell\u2019aerodromo che la festa estiva notturna e di recuperarle in un secondo momento.<\/strong> \u00bbQuesta decisione non ci \u00e8 affatto facile, poich\u00e9 negli ultimi mesi abbiamo dedicato innumerevoli ore di lavoro volontario, tanta passione e grande impegno alla preparazione di questo evento.\u00bb<\/p>","protected":false},"excerpt":{"rendered":"<p>A causa dei danni provocati dal maltempo, la manifestazione aerea di Birrfeld prevista per il 12 settembre non potr\u00e0 avere luogo. Di seguito una dichiarazione del comitato organizzativo: \u00abVenerd\u00ec,<\/p>","protected":false},"author":2,"featured_media":28034,"comment_status":"open","ping_status":"open","sticky":false,"template":"","format":"standard","meta":{"colormag_page_container_layout":"default_layout","colormag_page_sidebar_layout":"default_layout","footnotes":""},"categories":[44],"tags":[],"class_list":["post-28032","post","type-post","status-publish","format-standard","has-post-thumbnail","hentry","category-aktuell"],"_links":{"self":[{"href":"https:\/\/aeroclub.ch\/it\/wp-json\/wp\/v2\/posts\/28032","targetHints":{"allow":["GET"]}}],"collection":[{"href":"https:\/\/aeroclub.ch\/it\/wp-json\/wp\/v2\/posts"}],"about":[{"href":"https:\/\/aeroclub.ch\/it\/wp-json\/wp\/v2\/types\/post"}],"author":[{"embeddable":true,"href":"https:\/\/aeroclub.ch\/it\/wp-json\/wp\/v2\/users\/2"}],"replies":[{"embeddable":true,"href":"https:\/\/aeroclub.ch\/it\/wp-json\/wp\/v2\/comments?post=28032"}],"version-history":[{"count":2,"href":"https:\/\/aeroclub.ch\/it\/wp-json\/wp\/v2\/posts\/28032\/revisions"}],"predecessor-version":[{"id":28035,"href":"https:\/\/aeroclub.ch\/it\/wp-json\/wp\/v2\/posts\/28032\/revisions\/28035"}],"wp:featuredmedia":[{"embeddable":true,"href":"https:\/\/aeroclub.ch\/it\/wp-json\/wp\/v2\/media\/28034"}],"wp:attachment":[{"href":"https:\/\/aeroclub.ch\/it\/wp-json\/wp\/v2\/media?parent=28032"}],"wp:term":[{"taxonomy":"category","embeddable":true,"href":"https:\/\/aeroclub.ch\/it\/wp-json\/wp\/v2\/categories?post=28032"},{"taxonomy":"post_tag","embeddable":true,"href":"https:\/\/aeroclub.ch\/it\/wp-json\/wp\/v2\/tags?post=28032"}],"curies":[{"name":"wp","href":"https:\/\/api.w.org\/{rel}","templated":true}]}}