{"id":263,"date":"2024-08-26T13:54:41","date_gmt":"2024-08-26T11:54:41","guid":{"rendered":"https:\/\/bogehiwo.cyon.site\/?p=263"},"modified":"2025-01-21T10:06:37","modified_gmt":"2025-01-21T09:06:37","slug":"scale-wm-in-rumaenien","status":"publish","type":"post","link":"https:\/\/aeroclub.ch\/it\/scale-wm-in-rumaenien\/","title":{"rendered":"Campionati mondiali di scala in Romania: la Svizzera vince l'oro!"},"content":{"rendered":"<p><strong>Il nostro team svizzero di modelli in scala si \u00e8 distinto al Campionato Mondiale di modelli in scala. Reto Senn \u00e8 diventato campione del mondo nella categoria F4H, mentre il precedente detentore del titolo Andreas L\u00fcthi ha vinto l'argento nella categoria F4C. La Svizzera ha anche conquistato l'oro nella classifica a squadre F4H.\u00a0<\/strong><\/p>\n<p>Per molti, il volo di modelli in scala reale \u00e8 la disciplina suprema del modellismo. Nella categoria F4C, il modello deve essere completamente autocostruito e deve essere sottoposto a una lunga valutazione di costruzione. Nella categoria F4H, la valutazione della costruzione dura al massimo 15 minuti e si possono utilizzare anche modelli prefabbricati. Per entrambe le categorie, i modelli devono essere pilotati in modo prototipico per la valutazione di volo.<\/p>","protected":false},"excerpt":{"rendered":"<p>Il nostro team svizzero di modelli in scala si \u00e8 distinto al Campionato mondiale di modelli in scala. Reto Senn \u00e8 diventato campione del mondo nella categoria F4H, in<\/p>","protected":false},"author":2,"featured_media":21306,"comment_status":"open","ping_status":"open","sticky":false,"template":"","format":"standard","meta":{"footnotes":""},"categories":[44],"tags":[],"class_list":["post-263","post","type-post","status-publish","format-standard","has-post-thumbnail","hentry","category-aktuell"],"_links":{"self":[{"href":"https:\/\/aeroclub.ch\/it\/wp-json\/wp\/v2\/posts\/263","targetHints":{"allow":["GET"]}}],"collection":[{"href":"https:\/\/aeroclub.ch\/it\/wp-json\/wp\/v2\/posts"}],"about":[{"href":"https:\/\/aeroclub.ch\/it\/wp-json\/wp\/v2\/types\/post"}],"author":[{"embeddable":true,"href":"https:\/\/aeroclub.ch\/it\/wp-json\/wp\/v2\/users\/2"}],"replies":[{"embeddable":true,"href":"https:\/\/aeroclub.ch\/it\/wp-json\/wp\/v2\/comments?post=263"}],"version-history":[{"count":0,"href":"https:\/\/aeroclub.ch\/it\/wp-json\/wp\/v2\/posts\/263\/revisions"}],"wp:featuredmedia":[{"embeddable":true,"href":"https:\/\/aeroclub.ch\/it\/wp-json\/wp\/v2\/media\/21306"}],"wp:attachment":[{"href":"https:\/\/aeroclub.ch\/it\/wp-json\/wp\/v2\/media?parent=263"}],"wp:term":[{"taxonomy":"category","embeddable":true,"href":"https:\/\/aeroclub.ch\/it\/wp-json\/wp\/v2\/categories?post=263"},{"taxonomy":"post_tag","embeddable":true,"href":"https:\/\/aeroclub.ch\/it\/wp-json\/wp\/v2\/tags?post=263"}],"curies":[{"name":"wp","href":"https:\/\/api.w.org\/{rel}","templated":true}]}}