{"id":25461,"date":"2025-12-08T15:39:11","date_gmt":"2025-12-08T14:39:11","guid":{"rendered":"https:\/\/aeroclub.ch\/?p=25461"},"modified":"2025-12-08T15:39:11","modified_gmt":"2025-12-08T14:39:11","slug":"wer-organisiert-die-70-gordon-bennett-wm-in-der-schweiz","status":"publish","type":"post","link":"https:\/\/aeroclub.ch\/it\/wer-organisiert-die-70-gordon-bennett-wm-in-der-schweiz\/","title":{"rendered":"Chi organizza il 70\u00b0 Campionato del Mondo Gordon Bennett in Svizzera?"},"content":{"rendered":"<div data-elementor-type=\"wp-post\" data-elementor-id=\"25461\" class=\"elementor elementor-25461\" data-elementor-post-type=\"post\">\n\t\t\t\t\t\t<section class=\"elementor-section elementor-top-section elementor-element elementor-element-66ea397 elementor-section-boxed elementor-section-height-default elementor-section-height-default\" data-id=\"66ea397\" data-element_type=\"section\" data-e-type=\"section\">\n\t\t\t\t\t\t<div class=\"elementor-container elementor-column-gap-default\">\n\t\t\t\t\t<div class=\"elementor-column elementor-col-100 elementor-top-column elementor-element elementor-element-ab9450d\" data-id=\"ab9450d\" data-element_type=\"column\" data-e-type=\"column\">\n\t\t\t<div class=\"elementor-widget-wrap elementor-element-populated\">\n\t\t\t\t\t\t<div class=\"elementor-element elementor-element-c0aced0 elementor-widget elementor-widget-text-editor\" data-id=\"c0aced0\" data-element_type=\"widget\" data-e-type=\"widget\" data-widget_type=\"text-editor.default\">\n\t\t\t\t<div class=\"elementor-widget-container\">\n\t\t\t\t\t\t\t\t\t<p class=\"ms-outlook-mobile-reference-message skipProofing\"><strong>Vincere la 68<sup>rd<\/sup>\u00a0Coupe A\u00e9ronautique Gordon Bennett di Kurt Frieden e Pascal Witpr\u00e4chtiger, la Svizzera ha acquisito il diritto di organizzare l'evento nel 2027.<\/strong><\/p><p class=\"ms-outlook-mobile-reference-message skipProofing\">Un campionato mondiale sul suolo svizzero \u00e8 una grande opportunit\u00e0 per presentare l'aviazione leggera e sportiva sotto la migliore luce. Un festival per giovani e meno giovani con molta libert\u00e0 creativa per l'organizzatore.\u00a0<\/p><p class=\"ms-outlook-mobile-reference-message skipProofing\">La SBAV sta verificando la fattibilit\u00e0 per conto dell'AeCS e chiede agli organizzatori interessati di <b>fino al 31 dicembre 2025<\/b>\u00a0per presentare una dichiarazione di intenti. Questa deve essere inviata direttamente a <a title=\"mailto:pascal.witpraechtiger@sbav.ch\" href=\"mailto:pascal.witpraechtiger@sbav.ch\" target=\"_blank\" rel=\"noopener\" data-outlook-id=\"b4f14760-9577-4d1c-887d-13b91c3b2f4f\">Pascal Witpr\u00e4chtiger<\/a>\u00a0agli organizzatori. Ringraziamo i potenziali organizzatori per aver annunciato la dichiarazione d'intenti in tempo utile.\u00a0<\/p><p class=\"ms-outlook-mobile-reference-message skipProofing\">Idealmente, la lettera di intenti dovrebbe gi\u00e0 contenere i dettagli dell'organizzazione e della sede. La SBAV \u00e8 ansiosa di ricevere numerose candidature e suggerimenti e decider\u00e0 in base a queste chi si aggiudicher\u00e0 il contratto. Per qualsiasi domanda, non esiti a contattarci.<\/p><p><b>Compiti principali degli organizzatori\u00a0<\/b><br \/><u>Presidio \/ Segreteria<\/u><\/p><ul><li>Gestione complessiva dell'organizzazione<\/li><li>Coordinamento con AeCS, FAI, CIA e SBAV<\/li><li>Cooperazione intensa con la direzione della competizione, compresi il controllo del traffico aereo, i meteorologi e la giuria.<\/li><\/ul><div class=\"ms-outlook-mobile-reference-message skipProofing\"><u>Finanze e sponsorizzazioni<\/u><\/div><ul><li>Stesura del budget e contabilit\u00e0 dell'evento<\/li><li>Il finanziamento dell'evento da parte degli sponsor, tra gli altri.<\/li><\/ul><div class=\"ms-outlook-mobile-reference-message skipProofing\"><u>Supporto del team<\/u><\/div><ul><li>Supervisione dei team<\/li><li>Invio di inviti e accettazione di registrazioni<\/li><li>Assistenza nella ricerca di un alloggio<\/li><li>Pianificazione della Cerimonia di apertura, della Cerimonia di premiazione e della Cerimonia di chiusura.<\/li><\/ul><div class=\"ms-outlook-mobile-reference-message skipProofing\"><u>Comunicazione<\/u><\/div><ul><li>Comunicazione con vari gruppi di stakeholder attraverso un'ampia gamma di canali.<\/li><\/ul><div class=\"ms-outlook-mobile-reference-message skipProofing\"><u>Infrastruttura e sicurezza<\/u><\/div><ul><li>Assicurare l'infrastruttura del sito di lancio (compresi gas, sabbia, parcheggi, strutture, tensostrutture).<\/li><li>Pianificazione e gestione degli assistenti nel proprio reparto<\/li><li>Ottenere le autorizzazioni da parte del comune, del cantone e del governo federale (ad esempio, licenza di ristorazione, polizia, ufficio forestale cantonale, UFAC).<\/li><li>Mantenere la sicurezza (compresi l'addetto alla sicurezza, i controlli rigorosi dell'accesso all'area di riempimento, il concetto di sicurezza e di crisi, il team di crisi, gli assi di salvataggio, il coordinamento con i servizi di emergenza).<\/li><\/ul><div class=\"ms-outlook-mobile-reference-message skipProofing\"><u>Programma di supporto<\/u><\/div><ul><li>Organizzazione di un programma di supporto per il pubblico<\/li><li>Catering per i team e per il pubblico<\/li><\/ul>\t\t\t\t\t\t\t\t<\/div>\n\t\t\t\t<\/div>\n\t\t\t\t\t<\/div>\n\t\t<\/div>\n\t\t\t\t\t<\/div>\n\t\t<\/section>\n\t\t\t\t<section class=\"elementor-section elementor-top-section elementor-element elementor-element-8f2a6a1 elementor-section-boxed elementor-section-height-default elementor-section-height-default\" data-id=\"8f2a6a1\" data-element_type=\"section\" data-e-type=\"section\">\n\t\t\t\t\t\t<div class=\"elementor-container elementor-column-gap-default\">\n\t\t\t\t\t<div class=\"elementor-column elementor-col-100 elementor-top-column elementor-element elementor-element-0df3b34\" data-id=\"0df3b34\" data-element_type=\"column\" data-e-type=\"column\">\n\t\t\t<div class=\"elementor-widget-wrap elementor-element-populated\">\n\t\t\t\t\t\t<div class=\"elementor-element elementor-element-99ab3b8 elementor-widget elementor-widget-video\" data-id=\"99ab3b8\" data-element_type=\"widget\" data-e-type=\"widget\" data-settings=\"{&quot;youtube_url&quot;:&quot;https:\\\/\\\/youtu.be\\\/6vlINXlx0yc?si=e5-469cTwQYn9Mrb&quot;,&quot;video_type&quot;:&quot;youtube&quot;,&quot;controls&quot;:&quot;yes&quot;}\" data-widget_type=\"video.default\">\n\t\t\t\t<div class=\"elementor-widget-container\">\n\t\t\t\t\t\t\t<div class=\"elementor-wrapper elementor-open-inline\">\n\t\t\t<div class=\"elementor-video\"><\/div>\t\t<\/div>\n\t\t\t\t\t\t<\/div>\n\t\t\t\t<\/div>\n\t\t\t\t\t<\/div>\n\t\t<\/div>\n\t\t\t\t\t<\/div>\n\t\t<\/section>\n\t\t\t\t<\/div>","protected":false},"excerpt":{"rendered":"<p>Vincendo la 68esima Coupe A\u00e9ronautique Gordon Bennett con Kurt Frieden e Pascal Witpr\u00e4chtiger, la Svizzera ha acquisito il diritto,<\/p>","protected":false},"author":2,"featured_media":25469,"comment_status":"open","ping_status":"open","sticky":false,"template":"","format":"standard","meta":{"footnotes":""},"categories":[44],"tags":[],"class_list":["post-25461","post","type-post","status-publish","format-standard","has-post-thumbnail","hentry","category-aktuell"],"_links":{"self":[{"href":"https:\/\/aeroclub.ch\/it\/wp-json\/wp\/v2\/posts\/25461","targetHints":{"allow":["GET"]}}],"collection":[{"href":"https:\/\/aeroclub.ch\/it\/wp-json\/wp\/v2\/posts"}],"about":[{"href":"https:\/\/aeroclub.ch\/it\/wp-json\/wp\/v2\/types\/post"}],"author":[{"embeddable":true,"href":"https:\/\/aeroclub.ch\/it\/wp-json\/wp\/v2\/users\/2"}],"replies":[{"embeddable":true,"href":"https:\/\/aeroclub.ch\/it\/wp-json\/wp\/v2\/comments?post=25461"}],"version-history":[{"count":0,"href":"https:\/\/aeroclub.ch\/it\/wp-json\/wp\/v2\/posts\/25461\/revisions"}],"wp:featuredmedia":[{"embeddable":true,"href":"https:\/\/aeroclub.ch\/it\/wp-json\/wp\/v2\/media\/25469"}],"wp:attachment":[{"href":"https:\/\/aeroclub.ch\/it\/wp-json\/wp\/v2\/media?parent=25461"}],"wp:term":[{"taxonomy":"category","embeddable":true,"href":"https:\/\/aeroclub.ch\/it\/wp-json\/wp\/v2\/categories?post=25461"},{"taxonomy":"post_tag","embeddable":true,"href":"https:\/\/aeroclub.ch\/it\/wp-json\/wp\/v2\/tags?post=25461"}],"curies":[{"name":"wp","href":"https:\/\/api.w.org\/{rel}","templated":true}]}}