{"id":24567,"date":"2025-09-03T10:02:02","date_gmt":"2025-09-03T08:02:02","guid":{"rendered":"https:\/\/aeroclub.ch\/?p=24567"},"modified":"2025-09-03T10:02:02","modified_gmt":"2025-09-03T08:02:02","slug":"rega-plaene-fuer-kaegiswil-stossen-auf-widerstand","status":"publish","type":"post","link":"https:\/\/aeroclub.ch\/it\/rega-plaene-fuer-kaegiswil-stossen-auf-widerstand\/","title":{"rendered":"I piani della Rega per K\u00e4giswil incontrano resistenza"},"content":{"rendered":"<div data-elementor-type=\"wp-post\" data-elementor-id=\"24567\" class=\"elementor elementor-24567\" data-elementor-post-type=\"post\">\n\t\t\t\t\t\t<section class=\"elementor-section elementor-top-section elementor-element elementor-element-e67b540 elementor-section-boxed elementor-section-height-default elementor-section-height-default\" data-id=\"e67b540\" data-element_type=\"section\" data-e-type=\"section\">\n\t\t\t\t\t\t<div class=\"elementor-container elementor-column-gap-default\">\n\t\t\t\t\t<div class=\"elementor-column elementor-col-100 elementor-top-column elementor-element elementor-element-b092f12\" data-id=\"b092f12\" data-element_type=\"column\" data-e-type=\"column\">\n\t\t\t<div class=\"elementor-widget-wrap elementor-element-populated\">\n\t\t\t\t\t\t<div class=\"elementor-element elementor-element-37474c1 elementor-widget elementor-widget-text-editor\" data-id=\"37474c1\" data-element_type=\"widget\" data-e-type=\"widget\" data-widget_type=\"text-editor.default\">\n\t\t\t\t<div class=\"elementor-widget-container\">\n\t\t\t\t\t\t\t\t\t<p>La Rega Swiss Air-Rescue vuole spostare la sua sede dall'aeroporto di Zurigo a K\u00e4giswil. La Rega vuole smantellare la pista esistente, il che significherebbe la fine dei gruppi di volo e delle scuole di volo con sede a K\u00e4giswil.\u00a0<\/p><p>In un <a href=\"https:\/\/www.20min.ch\/story\/rega-will-vom-flughafen-zuerich-nach-kaegiswil-umziehen-und-trifft-auf-widerstand-103407091\"><em><strong>Un articolo di giornale sostiene che la Rega,<\/strong><\/em><\/a> che il DATEC aveva gi\u00e0 promesso di sostenere i loro piani. Il Consigliere federale Albert R\u00f6sti ha chiaramente respinto questa dichiarazione. La Rega era stata semplicemente informata dell'ulteriore procedura necessaria.\u00a0<\/p><p>L'AeCS \u00e8 politicamente attiva nella questione di K\u00e4giswil, cos\u00ec come in altri siti a rischio, e si oppone con veemenza allo spostamento strisciante dell'aviazione leggera. Per saperne di pi\u00f9 su questo tema, consulti la sezione<a href=\"https:\/\/cloud.hoststar.ch\/s\/eNK7ALHZoCXg5jy\"><em><strong> ultimo articolo su AeroRevue del Consigliere nazionale Matthias Jauslin.\u00a0<\/strong><\/em><\/a><\/p><p>\u00a0<\/p><p><strong>Stampa articolo 20 minuti 2.9.2025<\/strong><\/p><p>Matthias Jauslin, Consigliere nazionale GLP di Argovia e Presidente centrale dell'Aero Club della Svizzera, l'organizzazione ombrello dell'aviazione leggera svizzera, ha proposto una mozione per preservare K\u00e4giswil. \"Ad un certo punto, finiremo i campi di volo e lo spazio aereo disponibile\", afferma. \"Vogliono cacciarci da Zurigo e Berna, e a Basilea vogliono farci sparire entro la fine del 2026, e ora anche da K\u00e4giswil. Eppure svolgiamo un lavoro importante. Ogni studente pilota che un giorno voler\u00e0 nella cabina di pilotaggio di un aereo commerciale inizia la sua formazione su un piccolo aereo\". Il progetto di smantellamento della pista contraddice la politica svizzera in materia di aviazione, che afferma che il numero di aerodromi deve essere mantenuto. \"So che i responsabili della Rega stanno facendo pressione sul Ministro dei Trasporti Albert R\u00f6sti dietro le quinte, a favore dell'uso esclusivo del sito di K\u00e4giswil\", afferma Jauslin. \"Temo addirittura che sia gi\u00e0 stato fatto un accordo nel retrobottega\". R\u00f6sti lo nega quando gli viene chiesto. \"\u00c8 vero che il Consiglio federale \u00e8 stato informato dalla Rega sul progetto previsto a K\u00e4giswil. Ha informato la Rega sulle ulteriori procedure necessarie, senza che venisse presa alcuna decisione\", afferma il suo responsabile dei media. Incontrer\u00e0 anche gli attuali utenti dell'aeroporto.<strong> SLA<\/strong><\/p><p>\u00a0<\/p>\t\t\t\t\t\t\t\t<\/div>\n\t\t\t\t<\/div>\n\t\t\t\t\t<\/div>\n\t\t<\/div>\n\t\t\t\t\t<\/div>\n\t\t<\/section>\n\t\t\t\t<\/div>","protected":false},"excerpt":{"rendered":"<p>La Rega Swiss Air-Rescue vuole spostare la sua sede dall'aeroporto di Zurigo a K\u00e4giswil. La Rega intende far smantellare la pista esistente,<\/p>","protected":false},"author":2,"featured_media":24574,"comment_status":"open","ping_status":"open","sticky":false,"template":"","format":"standard","meta":{"footnotes":""},"categories":[44,18],"tags":[],"class_list":["post-24567","post","type-post","status-publish","format-standard","has-post-thumbnail","hentry","category-aktuell","category-politik"],"_links":{"self":[{"href":"https:\/\/aeroclub.ch\/it\/wp-json\/wp\/v2\/posts\/24567","targetHints":{"allow":["GET"]}}],"collection":[{"href":"https:\/\/aeroclub.ch\/it\/wp-json\/wp\/v2\/posts"}],"about":[{"href":"https:\/\/aeroclub.ch\/it\/wp-json\/wp\/v2\/types\/post"}],"author":[{"embeddable":true,"href":"https:\/\/aeroclub.ch\/it\/wp-json\/wp\/v2\/users\/2"}],"replies":[{"embeddable":true,"href":"https:\/\/aeroclub.ch\/it\/wp-json\/wp\/v2\/comments?post=24567"}],"version-history":[{"count":0,"href":"https:\/\/aeroclub.ch\/it\/wp-json\/wp\/v2\/posts\/24567\/revisions"}],"wp:featuredmedia":[{"embeddable":true,"href":"https:\/\/aeroclub.ch\/it\/wp-json\/wp\/v2\/media\/24574"}],"wp:attachment":[{"href":"https:\/\/aeroclub.ch\/it\/wp-json\/wp\/v2\/media?parent=24567"}],"wp:term":[{"taxonomy":"category","embeddable":true,"href":"https:\/\/aeroclub.ch\/it\/wp-json\/wp\/v2\/categories?post=24567"},{"taxonomy":"post_tag","embeddable":true,"href":"https:\/\/aeroclub.ch\/it\/wp-json\/wp\/v2\/tags?post=24567"}],"curies":[{"name":"wp","href":"https:\/\/api.w.org\/{rel}","templated":true}]}}