{"id":23830,"date":"2025-06-04T13:09:06","date_gmt":"2025-06-04T11:09:06","guid":{"rendered":"https:\/\/aeroclub.ch\/?p=23830"},"modified":"2025-06-04T14:22:27","modified_gmt":"2025-06-04T12:22:27","slug":"nachhaltiger-flugtreibstoff-im-test-zeigt-weniger-fossiles-co2-weniger-feinstaub","status":"publish","type":"post","link":"https:\/\/aeroclub.ch\/it\/nachhaltiger-flugtreibstoff-im-test-zeigt-weniger-fossiles-co2-weniger-feinstaub\/","title":{"rendered":"Un carburante per l'aviazione sostenibile significa meno CO2 fossile e meno particolato."},"content":{"rendered":"<div data-elementor-type=\"wp-post\" data-elementor-id=\"23830\" class=\"elementor elementor-23830\" data-elementor-post-type=\"post\">\n\t\t\t\t\t\t<section class=\"elementor-section elementor-top-section elementor-element elementor-element-2a9177c elementor-section-boxed elementor-section-height-default elementor-section-height-default\" data-id=\"2a9177c\" data-element_type=\"section\" data-e-type=\"section\">\n\t\t\t\t\t\t<div class=\"elementor-container elementor-column-gap-default\">\n\t\t\t\t\t<div class=\"elementor-column elementor-col-100 elementor-top-column elementor-element elementor-element-bcc600d\" data-id=\"bcc600d\" data-element_type=\"column\" data-e-type=\"column\">\n\t\t\t<div class=\"elementor-widget-wrap elementor-element-populated\">\n\t\t\t\t\t\t<div class=\"elementor-element elementor-element-8c60343 elementor-widget elementor-widget-text-editor\" data-id=\"8c60343\" data-element_type=\"widget\" data-e-type=\"widget\" data-widget_type=\"text-editor.default\">\n\t\t\t\t<div class=\"elementor-widget-container\">\n\t\t\t\t\t\t\t\t\t<p><strong>Due anni fa, le Forze aeree svizzere e l'Ufficio federale dell'aviazione civile (UFAC) hanno effettuato delle misurazioni di prova con il carburante per aviazione sostenibile (SAF) presso l'aeroporto militare di Payerne. I risultati lo confermano: Il SAF riduce le emissioni di particelle di fuliggine e di CO2 fossile.<\/strong><\/p><p>Durante le misurazioni di prova nella primavera del 2023, un gruppo di lavoro di esperti ambientali dell'Universit\u00e0 di Scienze Applicate di Zurigo (ZHAW), dell'Istituto Paul Scherrer PSI, delle Forze Aeree Svizzere e dell'UFAC ha voluto scoprire cosa succede alle emissioni di fuliggine ultrafine e alle particelle volatili quando viene bruciato il SAF. L'Aeronautica Militare ha fornito un Cessna 560 XL Citation Excel per i test, che sono stati effettuati esclusivamente a terra.<\/p><h4>Valori proporzionali<\/h4><p>I dati raccolti sono stati analizzati. \u00c8 emerso un quadro chiaro: le emissioni di CO2 fossili stanno diminuendo nella stessa proporzione della percentuale di SAF rifornita. In altre parole, il 35% di SAF nel carburante significa il 35% di CO2 in meno.<\/p><h4>Diminuzione significativa delle emissioni di fuliggine<\/h4><p>A seconda della configurazione del motore, la riduzione \u00e8 fino al 35%. La riduzione \u00e8 particolarmente marcata quando l'aereo \u00e8 al minimo, ad esempio quando \u00e8 a terra con il motore acceso. Il motivo: i SAF generalmente non contengono idrocarburi aromatici che formano fuliggine e sono quindi pi\u00f9 puliti della paraffina fossile pura. Inoltre, sono privi di zolfo. Ci\u00f2 significa che, anche con una bassa miscela, non solo si producono meno particelle di fuliggine, ma anche meno sostanze gassose aromatiche e solforose, che contribuiscono a una riduzione complessiva dell'inquinamento da particolato e a un miglioramento della qualit\u00e0 dell'aria.<\/p><h4>Meglio per il clima e l'aria<\/h4><p>I carburanti sostenibili per l'aviazione sono un approccio promettente per ridurre le emissioni fossili di CO2 nell'aviazione. Rispetto ai carburanti fossili, il SAF consente di evitare fino all'80% delle emissioni di CO2 senza modificare i motori attuali, compresi tutti i costi di produzione e di trasporto. L'uso del SAF \u00e8 una situazione win-win, in quanto ha anche un effetto positivo sulla qualit\u00e0 dell'aria in un aeroporto e nelle sue vicinanze. Mentre risultati simili erano gi\u00e0 disponibili per i motori di grandi dimensioni, le misurazioni effettuate a Payerne su un motore di business jet dimostrano che \u00e8 possibile ridurre ulteriormente le emissioni inquinanti con il SAF sui motori di piccole dimensioni.<\/p><p>I risultati delle misurazioni di prova sono riassunti in un\u00a0<a class=\"link--external\" href=\"https:\/\/pubs.acs.org\/doi\/10.1021\/acsestair.5c00053\" target=\"_blank\" rel=\"external noopener\" aria-label=\"pubs.acs.org\/doi\/10.1021\/acsestair.5c00053 Aprire il link in una nuova scheda\">pubblicazione scientifica<\/a>\u00a0pubblicato.<\/p><p><em>Immagine: Nadine Schr\u00f6der\/Aeronautica Militare Svizzera<\/em><\/p>\t\t\t\t\t\t\t\t<\/div>\n\t\t\t\t<\/div>\n\t\t\t\t\t<\/div>\n\t\t<\/div>\n\t\t\t\t\t<\/div>\n\t\t<\/section>\n\t\t\t\t<\/div>","protected":false},"excerpt":{"rendered":"<p>Due anni fa, le Forze aeree svizzere e l'Ufficio federale dell'aviazione civile (UFAC) hanno effettuato delle misurazioni di prova presso l'aerodromo militare di Payerne con un<\/p>","protected":false},"author":2,"featured_media":23829,"comment_status":"open","ping_status":"open","sticky":false,"template":"","format":"standard","meta":{"footnotes":""},"categories":[44],"tags":[],"class_list":["post-23830","post","type-post","status-publish","format-standard","has-post-thumbnail","hentry","category-aktuell"],"_links":{"self":[{"href":"https:\/\/aeroclub.ch\/it\/wp-json\/wp\/v2\/posts\/23830","targetHints":{"allow":["GET"]}}],"collection":[{"href":"https:\/\/aeroclub.ch\/it\/wp-json\/wp\/v2\/posts"}],"about":[{"href":"https:\/\/aeroclub.ch\/it\/wp-json\/wp\/v2\/types\/post"}],"author":[{"embeddable":true,"href":"https:\/\/aeroclub.ch\/it\/wp-json\/wp\/v2\/users\/2"}],"replies":[{"embeddable":true,"href":"https:\/\/aeroclub.ch\/it\/wp-json\/wp\/v2\/comments?post=23830"}],"version-history":[{"count":0,"href":"https:\/\/aeroclub.ch\/it\/wp-json\/wp\/v2\/posts\/23830\/revisions"}],"wp:featuredmedia":[{"embeddable":true,"href":"https:\/\/aeroclub.ch\/it\/wp-json\/wp\/v2\/media\/23829"}],"wp:attachment":[{"href":"https:\/\/aeroclub.ch\/it\/wp-json\/wp\/v2\/media?parent=23830"}],"wp:term":[{"taxonomy":"category","embeddable":true,"href":"https:\/\/aeroclub.ch\/it\/wp-json\/wp\/v2\/categories?post=23830"},{"taxonomy":"post_tag","embeddable":true,"href":"https:\/\/aeroclub.ch\/it\/wp-json\/wp\/v2\/tags?post=23830"}],"curies":[{"name":"wp","href":"https:\/\/api.w.org\/{rel}","templated":true}]}}