{"id":23220,"date":"2025-04-01T10:52:55","date_gmt":"2025-04-01T08:52:55","guid":{"rendered":"https:\/\/aeroclub.ch\/?p=23220"},"modified":"2025-04-09T09:18:06","modified_gmt":"2025-04-09T07:18:06","slug":"besuchen-sie-uns-an-der-aero-2025-in-friedrichshafen","status":"publish","type":"post","link":"https:\/\/aeroclub.ch\/it\/besuchen-sie-uns-an-der-aero-2025-in-friedrichshafen\/","title":{"rendered":"Venga a trovarci ad AERO 2025 a Friedrichshafen!"},"content":{"rendered":"<div data-elementor-type=\"wp-post\" data-elementor-id=\"23220\" class=\"elementor elementor-23220\" data-elementor-post-type=\"post\">\n\t\t\t\t\t\t<section class=\"elementor-section elementor-top-section elementor-element elementor-element-8a07fe7 elementor-section-boxed elementor-section-height-default elementor-section-height-default\" data-id=\"8a07fe7\" data-element_type=\"section\" data-e-type=\"section\">\n\t\t\t\t\t\t<div class=\"elementor-container elementor-column-gap-default\">\n\t\t\t\t\t<div class=\"elementor-column elementor-col-100 elementor-top-column elementor-element elementor-element-db86cbd\" data-id=\"db86cbd\" data-element_type=\"column\" data-e-type=\"column\">\n\t\t\t<div class=\"elementor-widget-wrap elementor-element-populated\">\n\t\t\t\t\t\t<div class=\"elementor-element elementor-element-d32393a elementor-widget elementor-widget-text-editor\" data-id=\"d32393a\" data-element_type=\"widget\" data-e-type=\"widget\" data-widget_type=\"text-editor.default\">\n\t\t\t\t<div class=\"elementor-widget-container\">\n\t\t\t\t\t\t\t\t\t<p><strong>L'Aero Club della Svizzera sar\u00e0 presente alla fiera dell'aviazione leggera pi\u00f9 grande del mondo, AERO 2025 a Friedrichshafen, dal 9 aprile al 12 aprile.\u00a0<\/strong><\/p><p>Quali adeguamenti dello spazio aereo dobbiamo aspettarci l'anno prossimo? Il nostro responsabile dello spazio aereo pu\u00f2 rispondere a queste e a molte altre domande, <strong>Gaby Rossier, il venerd\u00ec, 11.4<\/strong>. di persona. Oppure ha domande di carattere legale? Allora pu\u00f2 contattarci gioved\u00ec, <strong>10 aprile, Philip B\u00e4rtschi,<\/strong> Responsabile dell'Ufficio Legale. E quali alternative abbiamo ad AVGAS 100 LL in futuro? Su <strong>Mercoled\u00ec 9 aprile, Andreas Ryser pu\u00f2,<\/strong> Responsabile Ambiente e Innovazione, sar\u00e0 certamente in grado di aiutarla.  Lo stand AeCS sar\u00e0 supervisionato per tutto il periodo da <strong>Marc Robert<\/strong>che, insieme a tutti gli altri presenti, non vede l'ora di darle il benvenuto al <strong>Sala B3<\/strong> a Friedrichshafen.\u00a0<\/p><p>Tra l'altro, non siamo gli unici espositori svizzeri al <strong>AERO 2025. <\/strong>Dall'UFAC a Pilatus e alla ZHAW, trover\u00e0 rappresentanti di organizzazioni e aziende svizzere in tutto il quartiere fieristico. Si lasci sorprendere, venga a trovarci!\u00a0<\/p>\t\t\t\t\t\t\t\t<\/div>\n\t\t\t\t<\/div>\n\t\t\t\t\t<\/div>\n\t\t<\/div>\n\t\t\t\t\t<\/div>\n\t\t<\/section>\n\t\t\t\t<section class=\"elementor-section elementor-top-section elementor-element elementor-element-b522c7c elementor-section-boxed elementor-section-height-default elementor-section-height-default\" data-id=\"b522c7c\" data-element_type=\"section\" data-e-type=\"section\">\n\t\t\t\t\t\t<div class=\"elementor-container elementor-column-gap-default\">\n\t\t\t\t\t<div class=\"elementor-column elementor-col-100 elementor-top-column elementor-element elementor-element-61e14ab\" data-id=\"61e14ab\" data-element_type=\"column\" data-e-type=\"column\">\n\t\t\t<div class=\"elementor-widget-wrap elementor-element-populated\">\n\t\t\t\t\t\t<div class=\"elementor-element elementor-element-622e599 elementor-widget elementor-widget-video\" data-id=\"622e599\" data-element_type=\"widget\" data-e-type=\"widget\" data-settings=\"{&quot;youtube_url&quot;:&quot;https:\\\/\\\/youtu.be\\\/mCGNVzpIXic?si=h6BGc-G61le9yIxh&quot;,&quot;video_type&quot;:&quot;youtube&quot;,&quot;controls&quot;:&quot;yes&quot;}\" data-widget_type=\"video.default\">\n\t\t\t\t<div class=\"elementor-widget-container\">\n\t\t\t\t\t\t\t<div class=\"elementor-wrapper elementor-open-inline\">\n\t\t\t<div class=\"elementor-video\"><\/div>\t\t<\/div>\n\t\t\t\t\t\t<\/div>\n\t\t\t\t<\/div>\n\t\t\t\t\t<\/div>\n\t\t<\/div>\n\t\t\t\t\t<\/div>\n\t\t<\/section>\n\t\t\t\t<\/div>","protected":false},"excerpt":{"rendered":"<p>Dal 9 aprile al 12 aprile, l'Aero Club della Svizzera esporr\u00e0 alla fiera dell'aviazione leggera pi\u00f9 grande del mondo, AERO 2025.<\/p>","protected":false},"author":2,"featured_media":22820,"comment_status":"open","ping_status":"open","sticky":false,"template":"","format":"standard","meta":{"footnotes":""},"categories":[44],"tags":[],"class_list":["post-23220","post","type-post","status-publish","format-standard","has-post-thumbnail","hentry","category-aktuell"],"_links":{"self":[{"href":"https:\/\/aeroclub.ch\/it\/wp-json\/wp\/v2\/posts\/23220","targetHints":{"allow":["GET"]}}],"collection":[{"href":"https:\/\/aeroclub.ch\/it\/wp-json\/wp\/v2\/posts"}],"about":[{"href":"https:\/\/aeroclub.ch\/it\/wp-json\/wp\/v2\/types\/post"}],"author":[{"embeddable":true,"href":"https:\/\/aeroclub.ch\/it\/wp-json\/wp\/v2\/users\/2"}],"replies":[{"embeddable":true,"href":"https:\/\/aeroclub.ch\/it\/wp-json\/wp\/v2\/comments?post=23220"}],"version-history":[{"count":0,"href":"https:\/\/aeroclub.ch\/it\/wp-json\/wp\/v2\/posts\/23220\/revisions"}],"wp:featuredmedia":[{"embeddable":true,"href":"https:\/\/aeroclub.ch\/it\/wp-json\/wp\/v2\/media\/22820"}],"wp:attachment":[{"href":"https:\/\/aeroclub.ch\/it\/wp-json\/wp\/v2\/media?parent=23220"}],"wp:term":[{"taxonomy":"category","embeddable":true,"href":"https:\/\/aeroclub.ch\/it\/wp-json\/wp\/v2\/categories?post=23220"},{"taxonomy":"post_tag","embeddable":true,"href":"https:\/\/aeroclub.ch\/it\/wp-json\/wp\/v2\/tags?post=23220"}],"curies":[{"name":"wp","href":"https:\/\/api.w.org\/{rel}","templated":true}]}}