{"id":22828,"date":"2025-03-11T13:47:56","date_gmt":"2025-03-11T12:47:56","guid":{"rendered":"https:\/\/aeroclub.ch\/?p=22828"},"modified":"2025-03-11T15:23:31","modified_gmt":"2025-03-11T14:23:31","slug":"aecs-jahresbericht-2024-ist-online","status":"publish","type":"post","link":"https:\/\/aeroclub.ch\/it\/aecs-jahresbericht-2024-ist-online\/","title":{"rendered":"Il Rapporto annuale AeCS 2024 \u00e8 online"},"content":{"rendered":"<p><strong>L'AeCS ha chiuso i suoi risultati annuali con un profitto? Chi \u00e8 il nuovo presidente della Federazione svizzera di ultraleggeri? Quali attivit\u00e0 ha registrato l'organizzazione regionale di Losanna?\u00a0<\/strong><\/p>\n<p>Tutte queste domande trovano risposta nella relazione annuale 2024, che deve ancora essere approvata dai delegati in occasione dell'Assemblea generale del 29 marzo presso l'aeroporto di Bleienbach. Poich\u00e9 il campo giovani di Pro Aero ha celebrato il suo 40\u00b0 anniversario nell'estate del 2024, la prima parte della relazione si basa principalmente sulle foto del campo giovani scattate da Karin Gubler.<\/p>\n<p>Oltre alle relazioni dei responsabili dei dipartimenti e delle divisioni, il rapporto annuale elenca anche le regioni che hanno presentato i loro rapporti in tempo.  Nella sezione dei conti annuali 2024, si pu\u00f2 conoscere la situazione finanziaria dell'associazione e nella sezione dei risultati sportivi, si pu\u00f2 scoprire quali atleti svizzeri hanno avuto successo nell'anno passato.<\/p>\n<ul>\n<li><a href=\"https:\/\/cloud.hoststar.ch\/s\/TzrMWydGn4dBntz\" target=\"_blank\" rel=\"noopener\"><strong>Relazione annuale 2024 IT<\/strong><\/a><\/li>\n<li><a href=\"https:\/\/cloud.hoststar.ch\/s\/TzrMWydGn4dBntz\" target=\"_blank\" rel=\"noopener\"><strong>Relazione annuale 2024 FR<\/strong><\/a><\/li>\n<\/ul>","protected":false},"excerpt":{"rendered":"<p>L'AeCS ha chiuso i suoi risultati annuali con un profitto? Chi \u00e8 il nuovo presidente della Federazione svizzera di ultraleggeri? Quali attivit\u00e0 ha svolto<\/p>","protected":false},"author":2,"featured_media":22842,"comment_status":"open","ping_status":"open","sticky":false,"template":"","format":"standard","meta":{"footnotes":""},"categories":[44],"tags":[],"class_list":["post-22828","post","type-post","status-publish","format-standard","has-post-thumbnail","hentry","category-aktuell"],"_links":{"self":[{"href":"https:\/\/aeroclub.ch\/it\/wp-json\/wp\/v2\/posts\/22828","targetHints":{"allow":["GET"]}}],"collection":[{"href":"https:\/\/aeroclub.ch\/it\/wp-json\/wp\/v2\/posts"}],"about":[{"href":"https:\/\/aeroclub.ch\/it\/wp-json\/wp\/v2\/types\/post"}],"author":[{"embeddable":true,"href":"https:\/\/aeroclub.ch\/it\/wp-json\/wp\/v2\/users\/2"}],"replies":[{"embeddable":true,"href":"https:\/\/aeroclub.ch\/it\/wp-json\/wp\/v2\/comments?post=22828"}],"version-history":[{"count":0,"href":"https:\/\/aeroclub.ch\/it\/wp-json\/wp\/v2\/posts\/22828\/revisions"}],"wp:featuredmedia":[{"embeddable":true,"href":"https:\/\/aeroclub.ch\/it\/wp-json\/wp\/v2\/media\/22842"}],"wp:attachment":[{"href":"https:\/\/aeroclub.ch\/it\/wp-json\/wp\/v2\/media?parent=22828"}],"wp:term":[{"taxonomy":"category","embeddable":true,"href":"https:\/\/aeroclub.ch\/it\/wp-json\/wp\/v2\/categories?post=22828"},{"taxonomy":"post_tag","embeddable":true,"href":"https:\/\/aeroclub.ch\/it\/wp-json\/wp\/v2\/tags?post=22828"}],"curies":[{"name":"wp","href":"https:\/\/api.w.org\/{rel}","templated":true}]}}