{"id":16515,"date":"2024-09-04T08:48:52","date_gmt":"2024-09-04T06:48:52","guid":{"rendered":"https:\/\/www.aeroclub.ch\/?p=16515"},"modified":"2025-01-21T10:06:29","modified_gmt":"2025-01-21T09:06:29","slug":"der-papyrus-ist-wieder-zu-hause","status":"publish","type":"post","link":"https:\/\/aeroclub.ch\/it\/der-papyrus-ist-wieder-zu-hause\/","title":{"rendered":"Il \"Papiro\" \u00e8 tornato a casa"},"content":{"rendered":"<p><strong>Il 24 agosto 2024, l'Obersimmental HVOS Hunter Club ha celebrato il suo 30\u00b0 anniversario. E la rinascita dell'Hawker Hunter HB-RVS \"Papyrus\" del club. Ma \u00e8 stato anche il compleanno di un nuovo museo.<\/strong><\/p>\n<p>Sotto un sole splendente, i due co-presidenti Ueli Leutert e Roland Ginggen hanno accolto circa 100 soci del club e molti ospiti.<\/p>\n<p>L'obiettivo della giornata era chiaro: onorare il \"Papyrus\" e Ueli Leutert. Da quando l'Hunter \u00e8 stato dismesso e consegnato all'HVOS civile nel 1994, Ueli Leutert ha pilotato e dimostrato l'ex aereo da combattimento delle Forze aeree svizzere in patria e all'estero come capo pilota negli ultimi 30 anni. Un filmato da lui realizzato ha mostrato la storia unica di questa leggenda. Dopo una standing ovation, Roland Ginggen ha dichiarato Ueli Leutert un meritevole Presidente onorario.<\/p>\n<p><a href=\"https:\/\/aeroclub.ch\/wp-content\/uploads\/2024\/09\/Bildschirmfoto-2024-09-04-um-08.40.52.png\"><img decoding=\"async\" class=\"alignnone wp-image-16518 size-large\" src=\"https:\/\/aeroclub.ch\/wp-content\/uploads\/2024\/09\/Bildschirmfoto-2024-09-04-um-08.40.52-1024x469.png\" alt=\"\" width=\"800\" height=\"366\" srcset=\"https:\/\/aeroclub.ch\/wp-content\/uploads\/2024\/09\/Bildschirmfoto-2024-09-04-um-08.40.52-1024x469.png 1024w, https:\/\/aeroclub.ch\/wp-content\/uploads\/2024\/09\/Bildschirmfoto-2024-09-04-um-08.40.52-300x137.png 300w, https:\/\/aeroclub.ch\/wp-content\/uploads\/2024\/09\/Bildschirmfoto-2024-09-04-um-08.40.52-768x352.png 768w, https:\/\/aeroclub.ch\/wp-content\/uploads\/2024\/09\/Bildschirmfoto-2024-09-04-um-08.40.52-18x8.png 18w, https:\/\/aeroclub.ch\/wp-content\/uploads\/2024\/09\/Bildschirmfoto-2024-09-04-um-08.40.52.png 1340w\" sizes=\"(max-width: 800px) 100vw, 800px\" \/><\/a><\/p>\n<p>Dopo che al \"Papyrus\" fu ritirata l'aeronavigabilit\u00e0 dopo 30 anni, il suo ritorno in servizio presso la FFA di Altenrhein fu impedito da innumerevoli ostacoli, l'aereo fu smontato l\u00ec da meccanici inglesi e portato a St. Stephan su strada, Ueli e il \"Papyrus\" ebbero l'onore di rullare questa nobile leggenda sulla pista e simulare un decollo interrotto. L'aereo ha ora il suo posto d'onore nel rifugio U3 dell'aeroporto di St. Stephan e pu\u00f2 essere ammirato dai visitatori con la sua ricca storia. Ueli Leutert commenta: \"Personalmente, posso dire di essere estremamente orgoglioso e felice che non ci sia mai stata una situazione critica durante l'intero volo del \"Papyrus\". Non c'\u00e8 mai stato un reclamo per violazione dello spazio aereo, n\u00e9 un pilota \u00e8 mai stato accusato e sanzionato per eccesso di velocit\u00e0. L'autorit\u00e0 aeronautica non \u00e8 mai dovuta intervenire in nessuna dimostrazione di airshow\".<\/p>\n<p>&nbsp;<\/p>\n<p><strong>Una nuova parte della storica aviazione militare svizzera a Santo Stefano<\/strong><\/p>\n<p>\u00c8 grazie a Roland Ginggen e al suo team che il club pu\u00f2 ora chiamare un DO-27 e un AT-16 dell'ex U-328 delle Forze Aeree Svizzere, presto restaurato e in grado di volare. Il presidente scrive sulla nuova homepage <a href=\"http:\/\/www.u-328.ch\">www.u-328.ch<\/a>:<\/p>\n<p><em>L'Obersimmental Hunter Club parte per nuovi orizzonti. Nella primavera del 2024, il club ha acquistato un Dornier DO 27 H-2 e un Noorduyn Aviation AT-16 Harvard IIb dal Centro Aeronautico di D\u00fcbendorf. Mentre il DO 27 H-2 V-607 viene preparato per l'esposizione di St. Stephan, l'AT-16 con il numero U-328 viene reso nuovamente idoneo al volo presso l'aeroporto di Bleienbach dalla neonata associazione U-328. <\/em><em>Questo ha il compito di gestire il progetto, di effettuare la ricostruzione e di garantire successivamente il funzionamento dell'aereo. L'aereo sar\u00e0 mantenuto il pi\u00f9 originale possibile e reso nuovamente accessibile al pubblico a Santo Stefano in futuro.<\/em><\/p>\n<p><strong>Un giorno festivo e quasi un giorno di volo<\/strong><\/p>\n<p>In ogni caso, \u00e8 stata una giornata di festa: Eric Chardonnens e il suo Vampire Trainer hanno onorato la comunit\u00e0 festante insieme ad altri numerosi ospiti volanti e a piedi, sempre accompagnati dall'Autorit\u00e0 aeroportuale di Santo Stefano. <strong>(Immagini e testo Felix Meier)<\/strong><\/p>\n<p>&nbsp;<\/p>","protected":false},"excerpt":{"rendered":"<p>Il 24 agosto 2024, l'Obersimmental HVOS Hunter Club ha celebrato il suo 30\u00b0 anniversario. E la rinascita dell'Hawker Hunter HB-RVS del club.<\/p>","protected":false},"author":2,"featured_media":16521,"comment_status":"closed","ping_status":"open","sticky":false,"template":"","format":"standard","meta":{"footnotes":""},"categories":[44],"tags":[],"class_list":["post-16515","post","type-post","status-publish","format-standard","has-post-thumbnail","hentry","category-aktuell"],"_links":{"self":[{"href":"https:\/\/aeroclub.ch\/it\/wp-json\/wp\/v2\/posts\/16515","targetHints":{"allow":["GET"]}}],"collection":[{"href":"https:\/\/aeroclub.ch\/it\/wp-json\/wp\/v2\/posts"}],"about":[{"href":"https:\/\/aeroclub.ch\/it\/wp-json\/wp\/v2\/types\/post"}],"author":[{"embeddable":true,"href":"https:\/\/aeroclub.ch\/it\/wp-json\/wp\/v2\/users\/2"}],"replies":[{"embeddable":true,"href":"https:\/\/aeroclub.ch\/it\/wp-json\/wp\/v2\/comments?post=16515"}],"version-history":[{"count":0,"href":"https:\/\/aeroclub.ch\/it\/wp-json\/wp\/v2\/posts\/16515\/revisions"}],"wp:featuredmedia":[{"embeddable":true,"href":"https:\/\/aeroclub.ch\/it\/wp-json\/wp\/v2\/media\/16521"}],"wp:attachment":[{"href":"https:\/\/aeroclub.ch\/it\/wp-json\/wp\/v2\/media?parent=16515"}],"wp:term":[{"taxonomy":"category","embeddable":true,"href":"https:\/\/aeroclub.ch\/it\/wp-json\/wp\/v2\/categories?post=16515"},{"taxonomy":"post_tag","embeddable":true,"href":"https:\/\/aeroclub.ch\/it\/wp-json\/wp\/v2\/tags?post=16515"}],"curies":[{"name":"wp","href":"https:\/\/api.w.org\/{rel}","templated":true}]}}