{"id":2905,"date":"2024-11-29T15:30:39","date_gmt":"2024-11-29T14:30:39","guid":{"rendered":"https:\/\/bogehiwo.cyon.site\/?p=2905"},"modified":"2025-01-21T10:05:30","modified_gmt":"2025-01-21T09:05:30","slug":"luftwaffe-reduziert-display-teams","status":"publish","type":"post","link":"https:\/\/aeroclub.ch\/fr\/luftwaffe-reduziert-display-teams\/","title":{"rendered":"L'arm\u00e9e de l'air r\u00e9duit ses \u00e9quipes Display"},"content":{"rendered":"<div data-elementor-type=\"wp-post\" data-elementor-id=\"2905\" class=\"elementor elementor-2905\" data-elementor-post-type=\"post\">\n\t\t\t\t\t\t<section class=\"elementor-section elementor-top-section elementor-element elementor-element-6420d6bf elementor-section-boxed elementor-section-height-default elementor-section-height-default\" data-id=\"6420d6bf\" data-element_type=\"section\" data-e-type=\"section\">\n\t\t\t\t\t\t<div class=\"elementor-container elementor-column-gap-default\">\n\t\t\t\t\t<div class=\"elementor-column elementor-col-100 elementor-top-column elementor-element elementor-element-442d7897\" data-id=\"442d7897\" data-element_type=\"column\" data-e-type=\"column\">\n\t\t\t<div class=\"elementor-widget-wrap elementor-element-populated\">\n\t\t\t\t\t\t<div class=\"elementor-element elementor-element-7c86d50f elementor-widget elementor-widget-text-editor\" data-id=\"7c86d50f\" data-element_type=\"widget\" data-e-type=\"widget\" data-widget_type=\"text-editor.default\">\n\t\t\t\t<div class=\"elementor-widget-container\">\n\t\t\t\t\t\t\t\t\t<p><strong>Pour contribuer aux mesures d'\u00e9conomie, les Forces a\u00e9riennes vont r\u00e9duire les engagements de leurs \u00e9l\u00e9ments de d\u00e9monstration. Pour l'essentiel, cela concerne la suspension du F\/A-18 Swiss Hornet Solo Display Team et l'abandon des Swiss Para Wings au 1er janvier 2025. Selon le DDPS, ces mesures visent \u00e9galement \u00e0 concentrer les ressources sur l'introduction du nouvel avion de combat.<\/strong><\/p><p><img decoding=\"async\" class=\"wp-image-8086 size-medium entered lazyloaded alignleft\" src=\"https:\/\/www.aeroclub.ch\/storage\/2021\/09\/PC7-TEAM-300x200.jpg\" sizes=\"(max-width: 300px) 100vw, 300px\" srcset=\"https:\/\/www.aeroclub.ch\/storage\/2021\/09\/PC7-TEAM-300x200.jpg 300w, https:\/\/www.aeroclub.ch\/storage\/2021\/09\/PC7-TEAM-1024x682.jpg 1024w, https:\/\/www.aeroclub.ch\/storage\/2021\/09\/PC7-TEAM-768x512.jpg 768w, https:\/\/www.aeroclub.ch\/storage\/2021\/09\/PC7-TEAM.jpg 1280w\" alt=\"\" width=\"300\" height=\"200\" data-lazy-srcset=\"https:\/\/www.aeroclub.ch\/storage\/2021\/09\/PC7-TEAM-300x200.jpg 300w, https:\/\/www.aeroclub.ch\/storage\/2021\/09\/PC7-TEAM-1024x682.jpg 1024w, https:\/\/www.aeroclub.ch\/storage\/2021\/09\/PC7-TEAM-768x512.jpg 768w, https:\/\/www.aeroclub.ch\/storage\/2021\/09\/PC7-TEAM.jpg 1280w\" data-lazy-sizes=\"(max-width: 300px) 100vw, 300px\" data-lazy-src=\"https:\/\/www.aeroclub.ch\/storage\/2021\/09\/PC7-TEAM-300x200.jpg\" data-ll-status=\"loaded\" \/><\/p><p>Tout au long de l'ann\u00e9e, les Forces a\u00e9riennes suisses participent depuis des d\u00e9cennies \u00e0 une cinquantaine de manifestations et de d\u00e9monstrations en Suisse et \u00e0 l'\u00e9tranger avec leurs \u00e9quipes de d\u00e9monstration, qui sont d\u00e9sormais au nombre de cinq. Dans le cadre de la mise en \u0153uvre des mesures d'\u00e9conomie et de la concentration sur le renforcement de la capacit\u00e9 de d\u00e9fense, les Forces a\u00e9riennes doivent adapter le portefeuille des \u00e9quipes de d\u00e9monstration \u00e0 partir de 2025.<\/p><p>\u00a0<\/p><ul><li><span style=\"font-size: 15px;\">Le F\/A-18 Swiss Hornet Solo Display sera suspendu \u00e0 partir du 1er janvier 2025. Ceci afin de permettre \u00e0 la flotte de F\/A-18, fortement sollicit\u00e9e, de se consacrer de mani\u00e8re cons\u00e9quente aux missions et \u00e0 l'entra\u00eenement des pilotes ;<\/span><\/li><li>Les Swiss Para Wings seront abandonn\u00e9s \u00e0 partir du 1er janvier 2025. A la place, la compagnie d'\u00e9claireurs parachutistes pr\u00e9sentera 17 sauts tactiques en parachute lors d'\u00e9v\u00e9nements choisis ;<\/li><li>Dans son programme, l'\u00e9quipe Super Puma Display met de plus en plus l'accent sur la d\u00e9monstration de ses capacit\u00e9s en mati\u00e8re de transport a\u00e9rien tactique ;<\/li><li>Le PC-21 Solo Display sera d\u00e9sormais int\u00e9gr\u00e9 comme \u00e9l\u00e9ment de d\u00e9monstration et utilis\u00e9 lors d'\u00e9v\u00e9nements s\u00e9lectionn\u00e9s. L'objectif est de d\u00e9montrer la formation moderne et orient\u00e9e vers l'avenir des pilotes militaires suisses sur PC-21 ;<\/li><li>La Patrouille Suisse devrait provisoirement continuer \u00e0 voler sur F-5 Tiger jusqu'en 2027 ;<\/li><li>Le PC-7 TEAM reste inchang\u00e9.<\/li><\/ul>\t\t\t\t\t\t\t\t<\/div>\n\t\t\t\t<\/div>\n\t\t\t\t\t<\/div>\n\t\t<\/div>\n\t\t\t\t\t<\/div>\n\t\t<\/section>\n\t\t\t\t<\/div>","protected":false},"excerpt":{"rendered":"<p>Pour contribuer aux mesures d'\u00e9conomie, les Forces a\u00e9riennes vont r\u00e9duire les engagements de leurs \u00e9l\u00e9ments de d\u00e9monstration. Pour l'essentiel, cela concerne<\/p>","protected":false},"author":2,"featured_media":21217,"comment_status":"open","ping_status":"open","sticky":false,"template":"","format":"standard","meta":{"footnotes":""},"categories":[44],"tags":[],"class_list":["post-2905","post","type-post","status-publish","format-standard","has-post-thumbnail","hentry","category-aktuell"],"_links":{"self":[{"href":"https:\/\/aeroclub.ch\/fr\/wp-json\/wp\/v2\/posts\/2905","targetHints":{"allow":["GET"]}}],"collection":[{"href":"https:\/\/aeroclub.ch\/fr\/wp-json\/wp\/v2\/posts"}],"about":[{"href":"https:\/\/aeroclub.ch\/fr\/wp-json\/wp\/v2\/types\/post"}],"author":[{"embeddable":true,"href":"https:\/\/aeroclub.ch\/fr\/wp-json\/wp\/v2\/users\/2"}],"replies":[{"embeddable":true,"href":"https:\/\/aeroclub.ch\/fr\/wp-json\/wp\/v2\/comments?post=2905"}],"version-history":[{"count":0,"href":"https:\/\/aeroclub.ch\/fr\/wp-json\/wp\/v2\/posts\/2905\/revisions"}],"wp:featuredmedia":[{"embeddable":true,"href":"https:\/\/aeroclub.ch\/fr\/wp-json\/wp\/v2\/media\/21217"}],"wp:attachment":[{"href":"https:\/\/aeroclub.ch\/fr\/wp-json\/wp\/v2\/media?parent=2905"}],"wp:term":[{"taxonomy":"category","embeddable":true,"href":"https:\/\/aeroclub.ch\/fr\/wp-json\/wp\/v2\/categories?post=2905"},{"taxonomy":"post_tag","embeddable":true,"href":"https:\/\/aeroclub.ch\/fr\/wp-json\/wp\/v2\/tags?post=2905"}],"curies":[{"name":"wp","href":"https:\/\/api.w.org\/{rel}","templated":true}]}}