{"id":28059,"date":"2026-09-03T10:06:59","date_gmt":"2026-09-03T08:06:59","guid":{"rendered":"https:\/\/aeroclub.ch\/?p=28059"},"modified":"2026-09-03T10:06:59","modified_gmt":"2026-09-03T08:06:59","slug":"electrifly-in-bern-die-batterien-sind-geladen","status":"publish","type":"post","link":"https:\/\/aeroclub.ch\/fr\/electrifly-in-bern-die-batterien-sind-geladen\/","title":{"rendered":"Electrifly \u00e0 Berne : les batteries sont charg\u00e9es !"},"content":{"rendered":"<p class=\"p2\"><b>Le week-end des 12 et 13 septembre, l'Electrifly-In Switzerland tiendra sa 10e \u00e9dition. Cet \u00e9v\u00e9nement consacr\u00e9 \u00e0 l'aviation durable, organis\u00e9 au niveau f\u00e9d\u00e9ral \u00e0 l'a\u00e9roport de Berne, propose un programme vari\u00e9 comprenant une exposition diversifi\u00e9e, des conf\u00e9rences et un eTalk passionnant. \u00c0 cela s'ajoutent un espace de restauration convivial et la possibilit\u00e9 de faire des vols d'initiation \u00e0 bord d'un avion \u00e9lectrique. <\/b><\/p>\n<p class=\"p2\">L'\u00e9v\u00e9nement \u00ab Electrifly-In Switzerland \u00bb d\u00e9butera vendredi soir (11 septembre) par une soir\u00e9e de r\u00e9seautage. Les invit\u00e9s seront accueillis par Matthias Jauslin (conseiller national, pr\u00e9sident de l'A\u00e9ro-Club de Suisse), Raphael Lanz (conseiller d'\u00c9tat, directeur de l'\u00e9conomie, de l'\u00e9nergie et de l'environnement du canton de Berne), Jean-Michel With (vice-pr\u00e9sident de la commune de Belp, membre du comit\u00e9 directeur de l'IG Berner Luftverkehr) et Urs Ryf (PDG de Bern Airport).<\/p>\n<p class=\"p2\"><b>Un aper\u00e7u des derni\u00e8res technologies <\/b><b><\/b><\/p>\n<p class=\"p2\">Dans le hangar de la base f\u00e9d\u00e9rale (arr\u00eat de bus \u00ab Giessenbad \u00bb), diverses \u00e9quipes de d\u00e9veloppeurs nationales et internationales pr\u00e9sentent leurs projets, leurs technologies et leurs r\u00e9alisations. D\u00e9couvrez ce qui se cache derri\u00e8re les noms suivants : \u00ab 1Comet \u00bb, \u00ab Milan Aircraft \u00bb, \u00ab Cellsius \u00bb, \u00ab AeroDelft \u00bb, \u00ab Elektra Solar \u00bb, \u00ab Smartflyer \u00bb, \u00ab Unicorn Aviation \u00bb ou \u00ab Electric 131 B\u00fccker Jungmann \u00bb ! Le Fly-In s\u2019accompagne d\u2019un symposium vari\u00e9 proposant diverses interventions, dont un compte-rendu d\u2019Uwe Nortmann, qui a travers\u00e9 la Bavi\u00e8re, la Su\u00e8de et la Finlande \u00e0 bord de son avion \u00e9lectrique. Lors de la table ronde eTalk, des ing\u00e9nieurs et un futurologue reviendront sur les dix derni\u00e8res ann\u00e9es et se pencheront sur l\u2019avenir : comment les avions de demain seront-ils propuls\u00e9s ? La discussion sera anim\u00e9e par Alex Miescher.<\/p>\n<p class=\"p1\"><b>Service de navette \u00e0 partir de la gare de Belp <\/b><b><\/b><\/p>\n<p class=\"p1\">Nous recommandons aux visiteurs d'emprunter les transports en commun. Afin de mettre l'accent sur le d\u00e9veloppement durable, nous proposons un service de navette assur\u00e9 par des voitures \u00e9lectriques. Prise en charge \u00e0 la gare de Belp et \u00e0 l'entr\u00e9e principale du terminal de l'a\u00e9roport. R\u00e9servation sur demande au 078 207 64 14. <strong>pd<\/strong><\/p>","protected":false},"excerpt":{"rendered":"<p>Le week-end des 12 et 13 septembre, l'Electrifly-In Switzerland tiendra sa 10e \u00e9dition. Cet \u00e9v\u00e9nement consacr\u00e9 \u00e0 l'aviation durable se tiendra \u00e0<\/p>","protected":false},"author":2,"featured_media":24738,"comment_status":"open","ping_status":"open","sticky":false,"template":"","format":"standard","meta":{"colormag_page_container_layout":"default_layout","colormag_page_sidebar_layout":"default_layout","footnotes":""},"categories":[44],"tags":[],"class_list":["post-28059","post","type-post","status-publish","format-standard","has-post-thumbnail","hentry","category-aktuell"],"_links":{"self":[{"href":"https:\/\/aeroclub.ch\/fr\/wp-json\/wp\/v2\/posts\/28059","targetHints":{"allow":["GET"]}}],"collection":[{"href":"https:\/\/aeroclub.ch\/fr\/wp-json\/wp\/v2\/posts"}],"about":[{"href":"https:\/\/aeroclub.ch\/fr\/wp-json\/wp\/v2\/types\/post"}],"author":[{"embeddable":true,"href":"https:\/\/aeroclub.ch\/fr\/wp-json\/wp\/v2\/users\/2"}],"replies":[{"embeddable":true,"href":"https:\/\/aeroclub.ch\/fr\/wp-json\/wp\/v2\/comments?post=28059"}],"version-history":[{"count":3,"href":"https:\/\/aeroclub.ch\/fr\/wp-json\/wp\/v2\/posts\/28059\/revisions"}],"predecessor-version":[{"id":28062,"href":"https:\/\/aeroclub.ch\/fr\/wp-json\/wp\/v2\/posts\/28059\/revisions\/28062"}],"wp:featuredmedia":[{"embeddable":true,"href":"https:\/\/aeroclub.ch\/fr\/wp-json\/wp\/v2\/media\/24738"}],"wp:attachment":[{"href":"https:\/\/aeroclub.ch\/fr\/wp-json\/wp\/v2\/media?parent=28059"}],"wp:term":[{"taxonomy":"category","embeddable":true,"href":"https:\/\/aeroclub.ch\/fr\/wp-json\/wp\/v2\/categories?post=28059"},{"taxonomy":"post_tag","embeddable":true,"href":"https:\/\/aeroclub.ch\/fr\/wp-json\/wp\/v2\/tags?post=28059"}],"curies":[{"name":"wp","href":"https:\/\/api.w.org\/{rel}","templated":true}]}}