{"id":28036,"date":"2026-09-01T16:06:27","date_gmt":"2026-09-01T14:06:27","guid":{"rendered":"https:\/\/aeroclub.ch\/?p=28036"},"modified":"2026-09-01T16:06:27","modified_gmt":"2026-09-01T14:06:27","slug":"leserreise-nach-villaroche-ist-abgesagt","status":"publish","type":"post","link":"https:\/\/aeroclub.ch\/fr\/leserreise-nach-villaroche-ist-abgesagt\/","title":{"rendered":"Le voyage organis\u00e9 pour les lecteurs \u00e0 Villaroche est annul\u00e9"},"content":{"rendered":"<p><strong>Le magazine AeroRevue avait charg\u00e9 la soci\u00e9t\u00e9 Air Travel Assist, situ\u00e9e \u00e0 Kaiserstuhl, d'organiser et de mener \u00e0 bien deux voyages destin\u00e9s \u00e0 ses lecteurs. Malheureusement, nous devons partir du principe que le deuxi\u00e8me voyage \u00e0 Paris n'aura pas lieu.\u00a0\u00a0<\/strong><\/p>\n<p>Le propri\u00e9taire de la soci\u00e9t\u00e9 Air Travel Assist semble \u00eatre gravement malade depuis un certain temps et n'est plus joignable. Deux personnes qui avaient r\u00e9serv\u00e9 ce voyage nous ont contact\u00e9s, mais elles n'ont elles non plus re\u00e7u aucune information de la part du propri\u00e9taire de l'agence de voyages. Nous devons malheureusement partir du principe que ce voyage n'aura pas lieu. \u00c0 l\u2019A\u00e9ro-Club, nous n\u2019avons malheureusement re\u00e7u aucune information de la part de la soci\u00e9t\u00e9 Air Travel Assist, malgr\u00e9 nos demandes r\u00e9p\u00e9t\u00e9es. Au cours des deux derniers jours, nous avons appris que deux personnes avaient r\u00e9serv\u00e9 ce voyage.<\/p>\n<p>Nous recommandons aux personnes concern\u00e9es qui ont d\u00e9j\u00e0 effectu\u00e9 un paiement d'adresser leur demande de remboursement par courrier recommand\u00e9 directement \u00e0 l'agence de voyages.  Nous vous pr\u00e9sentons nos excuses pour cette situation tr\u00e8s d\u00e9sagr\u00e9able.<\/p>\n<p><a href=\"https:\/\/www.leserreisen.airtravel.ch\/teilnahmebestimmungen\" target=\"_blank\" rel=\"noopener\">https:\/\/www.leserreisen.airtravel.ch\/teilnahmebestimmungen<\/a><\/p>","protected":false},"excerpt":{"rendered":"<p>Le magazine AeroRevue avait charg\u00e9 la soci\u00e9t\u00e9 Air Travel Assist, situ\u00e9e \u00e0 Kaiserstuhl, d\u2019organiser et de mener \u00e0 bien deux voyages destin\u00e9s \u00e0 ses lecteurs. Malheureusement, nous devons<\/p>","protected":false},"author":2,"featured_media":28037,"comment_status":"open","ping_status":"open","sticky":false,"template":"","format":"standard","meta":{"colormag_page_container_layout":"default_layout","colormag_page_sidebar_layout":"default_layout","footnotes":""},"categories":[44],"tags":[],"class_list":["post-28036","post","type-post","status-publish","format-standard","has-post-thumbnail","hentry","category-aktuell"],"_links":{"self":[{"href":"https:\/\/aeroclub.ch\/fr\/wp-json\/wp\/v2\/posts\/28036","targetHints":{"allow":["GET"]}}],"collection":[{"href":"https:\/\/aeroclub.ch\/fr\/wp-json\/wp\/v2\/posts"}],"about":[{"href":"https:\/\/aeroclub.ch\/fr\/wp-json\/wp\/v2\/types\/post"}],"author":[{"embeddable":true,"href":"https:\/\/aeroclub.ch\/fr\/wp-json\/wp\/v2\/users\/2"}],"replies":[{"embeddable":true,"href":"https:\/\/aeroclub.ch\/fr\/wp-json\/wp\/v2\/comments?post=28036"}],"version-history":[{"count":2,"href":"https:\/\/aeroclub.ch\/fr\/wp-json\/wp\/v2\/posts\/28036\/revisions"}],"predecessor-version":[{"id":28039,"href":"https:\/\/aeroclub.ch\/fr\/wp-json\/wp\/v2\/posts\/28036\/revisions\/28039"}],"wp:featuredmedia":[{"embeddable":true,"href":"https:\/\/aeroclub.ch\/fr\/wp-json\/wp\/v2\/media\/28037"}],"wp:attachment":[{"href":"https:\/\/aeroclub.ch\/fr\/wp-json\/wp\/v2\/media?parent=28036"}],"wp:term":[{"taxonomy":"category","embeddable":true,"href":"https:\/\/aeroclub.ch\/fr\/wp-json\/wp\/v2\/categories?post=28036"},{"taxonomy":"post_tag","embeddable":true,"href":"https:\/\/aeroclub.ch\/fr\/wp-json\/wp\/v2\/tags?post=28036"}],"curies":[{"name":"wp","href":"https:\/\/api.w.org\/{rel}","templated":true}]}}