{"id":27099,"date":"2026-04-30T16:27:20","date_gmt":"2026-04-30T14:27:20","guid":{"rendered":"https:\/\/aeroclub.ch\/?p=27099"},"modified":"2026-04-30T16:27:20","modified_gmt":"2026-04-30T14:27:20","slug":"yes-tag-bei-der-sg-basel-fricktal","status":"publish","type":"post","link":"https:\/\/aeroclub.ch\/fr\/yes-tag-bei-der-sg-basel-fricktal\/","title":{"rendered":"Journ\u00e9e YES \u00e0 la SG Basel-Fricktal"},"content":{"rendered":"<div data-elementor-type=\"wp-post\" data-elementor-id=\"27099\" class=\"elementor elementor-27099\" data-elementor-post-type=\"post\">\n\t\t\t\t\t\t<section class=\"elementor-section elementor-top-section elementor-element elementor-element-56195ec elementor-section-boxed elementor-section-height-default elementor-section-height-default\" data-id=\"56195ec\" data-element_type=\"section\" data-e-type=\"section\">\n\t\t\t\t\t\t<div class=\"elementor-container elementor-column-gap-default\">\n\t\t\t\t\t<div class=\"elementor-column elementor-col-100 elementor-top-column elementor-element elementor-element-9eb2e39\" data-id=\"9eb2e39\" data-element_type=\"column\" data-e-type=\"column\">\n\t\t\t<div class=\"elementor-widget-wrap elementor-element-populated\">\n\t\t\t\t\t\t<div class=\"elementor-element elementor-element-1fcbaf5 elementor-widget elementor-widget-text-editor\" data-id=\"1fcbaf5\" data-element_type=\"widget\" data-e-type=\"widget\" data-widget_type=\"text-editor.default\">\n\t\t\t\t<div class=\"elementor-widget-container\">\n\t\t\t\t\t\t\t\t\t<p><strong>A l'occasion du 125e anniversaire de l'A\u00e9CS, le groupe de vol \u00e0 voile de B\u00e2le-Fricktal a organis\u00e9 pour la premi\u00e8re fois une journ\u00e9e YES sur l'a\u00e9rodrome de LSZI\/Fricktal-Schupfart.<\/strong>.<\/p><p>L'\u00e9v\u00e9nement pr\u00e9vu pour le 12 avril a toutefois d\u00fb \u00eatre report\u00e9 apr\u00e8s une p\u00e9riode d'ensoleillement de deux semaines en raison d'une pluie continue et d'une couverture nuageuse profonde. Mais l'attente en valait la peine : Le 26 avril, avec 6 jeunes enthousiastes, le programme a pu se d\u00e9rouler comme pr\u00e9vu et par un temps de vol id\u00e9al.<\/p><p>La journ\u00e9e a d\u00e9but\u00e9 par un briefing commun avec l'instructeur de vol d'un jour, avant que les membres du club et les \u00e9l\u00e8ves pilotes pr\u00e9sents ne se tournent vers le vol et que les participants du YES n'apprennent dans la salle de th\u00e9orie comment un planeur peut prendre son envol, y rester des heures et se poser en toute s\u00e9curit\u00e9 en un seul essai. Lors de la visite du hangar qui a suivi, la plupart des jeunes ont \u00e9t\u00e9 en contact direct avec un planeur pour la premi\u00e8re fois. Nous avons vu comment est construit un cockpit, puis nous avons fait un essai de parachute, un essai de si\u00e8ge et un contr\u00f4le ext\u00e9rieur de l'avion.<\/p>\t\t\t\t\t\t\t\t<\/div>\n\t\t\t\t<\/div>\n\t\t\t\t\t<\/div>\n\t\t<\/div>\n\t\t\t\t\t<\/div>\n\t\t<\/section>\n\t\t\t\t<section class=\"elementor-section elementor-top-section elementor-element elementor-element-44c87d1 elementor-section-boxed elementor-section-height-default elementor-section-height-default\" data-id=\"44c87d1\" data-element_type=\"section\" data-e-type=\"section\">\n\t\t\t\t\t\t<div class=\"elementor-container elementor-column-gap-default\">\n\t\t\t\t\t<div class=\"elementor-column elementor-col-100 elementor-top-column elementor-element elementor-element-fc706fc\" data-id=\"fc706fc\" data-element_type=\"column\" data-e-type=\"column\">\n\t\t\t<div class=\"elementor-widget-wrap elementor-element-populated\">\n\t\t\t\t\t\t<div class=\"elementor-element elementor-element-15b97c9 elementor-widget elementor-widget-image\" data-id=\"15b97c9\" data-element_type=\"widget\" data-e-type=\"widget\" data-widget_type=\"image.default\">\n\t\t\t\t<div class=\"elementor-widget-container\">\n\t\t\t\t\t\t\t\t\t\t\t\t\t\t\t<img decoding=\"async\" width=\"768\" height=\"422\" src=\"https:\/\/aeroclub.ch\/wp-content\/uploads\/2026\/04\/1000129715-768x422.webp\" class=\"attachment-medium_large size-medium_large wp-image-27104\" alt=\"\" srcset=\"https:\/\/aeroclub.ch\/wp-content\/uploads\/2026\/04\/1000129715-768x422.webp 768w, https:\/\/aeroclub.ch\/wp-content\/uploads\/2026\/04\/1000129715-300x165.webp 300w, https:\/\/aeroclub.ch\/wp-content\/uploads\/2026\/04\/1000129715-1024x563.webp 1024w, https:\/\/aeroclub.ch\/wp-content\/uploads\/2026\/04\/1000129715-1536x845.webp 1536w, https:\/\/aeroclub.ch\/wp-content\/uploads\/2026\/04\/1000129715-18x10.webp 18w, https:\/\/aeroclub.ch\/wp-content\/uploads\/2026\/04\/1000129715-350x193.webp 350w, https:\/\/aeroclub.ch\/wp-content\/uploads\/2026\/04\/1000129715-1100x605.webp 1100w, https:\/\/aeroclub.ch\/wp-content\/uploads\/2026\/04\/1000129715.webp 1600w\" sizes=\"(max-width: 768px) 100vw, 768px\" \/>\t\t\t\t\t\t\t\t\t\t\t\t\t\t\t<\/div>\n\t\t\t\t<\/div>\n\t\t\t\t\t<\/div>\n\t\t<\/div>\n\t\t\t\t\t<\/div>\n\t\t<\/section>\n\t\t\t\t<section class=\"elementor-section elementor-top-section elementor-element elementor-element-f151c08 elementor-section-boxed elementor-section-height-default elementor-section-height-default\" data-id=\"f151c08\" data-element_type=\"section\" data-e-type=\"section\">\n\t\t\t\t\t\t<div class=\"elementor-container elementor-column-gap-default\">\n\t\t\t\t\t<div class=\"elementor-column elementor-col-100 elementor-top-column elementor-element elementor-element-2ad1865\" data-id=\"2ad1865\" data-element_type=\"column\" data-e-type=\"column\">\n\t\t\t<div class=\"elementor-widget-wrap elementor-element-populated\">\n\t\t\t\t\t\t<div class=\"elementor-element elementor-element-dc6fc29 elementor-widget elementor-widget-text-editor\" data-id=\"dc6fc29\" data-element_type=\"widget\" data-e-type=\"widget\" data-widget_type=\"text-editor.default\">\n\t\t\t\t<div class=\"elementor-widget-container\">\n\t\t\t\t\t\t\t\t\t<p>Cette matin\u00e9e divertissante a \u00e9t\u00e9 suivie par le d\u00e9jeuner au barbecue, qui a \u00e9t\u00e9 tr\u00e8s copieux gr\u00e2ce aux nombreux dons de salades, chips, pain, g\u00e2teaux et autres.<\/p><p>L'apr\u00e8s-midi a \u00e9t\u00e9 consacr\u00e9 au v\u00e9ritable temps fort de la journ\u00e9e : un vol en biplace DG-1001. Les jeunes ont pu voir de pr\u00e8s \u00e0 quel point un planeur r\u00e9agit finement et directement aux impulsions de commande, comment les mouvements de l'air sont perceptibles et \u00e0 quel point la vue \u00e0 vol d'oiseau est fantastique. Certains participants ont \u00e9galement demand\u00e9 \u00e0 faire un looping, ce qu'ils ont pu faire en vol gr\u00e2ce \u00e0 des conditions m\u00e9t\u00e9orologiques optimales.<\/p><p>Apr\u00e8s le dernier vol, les participants ont re\u00e7u leurs certificats et sont rentr\u00e9s chez eux, satisfaits et riches de quelques impressions. Certains parents auraient sans doute pr\u00e9f\u00e9r\u00e9 voler avec eux...<\/p>\t\t\t\t\t\t\t\t<\/div>\n\t\t\t\t<\/div>\n\t\t\t\t\t<\/div>\n\t\t<\/div>\n\t\t\t\t\t<\/div>\n\t\t<\/section>\n\t\t\t\t<section class=\"elementor-section elementor-top-section elementor-element elementor-element-155d157 elementor-section-boxed elementor-section-height-default elementor-section-height-default\" data-id=\"155d157\" data-element_type=\"section\" data-e-type=\"section\">\n\t\t\t\t\t\t<div class=\"elementor-container elementor-column-gap-default\">\n\t\t\t\t\t<div class=\"elementor-column elementor-col-100 elementor-top-column elementor-element elementor-element-74a0794\" data-id=\"74a0794\" data-element_type=\"column\" data-e-type=\"column\">\n\t\t\t<div class=\"elementor-widget-wrap elementor-element-populated\">\n\t\t\t\t\t\t<div class=\"elementor-element elementor-element-f45ec71 elementor-widget elementor-widget-video\" data-id=\"f45ec71\" data-element_type=\"widget\" data-e-type=\"widget\" data-settings=\"{&quot;youtube_url&quot;:&quot;https:\\\/\\\/youtu.be\\\/R8ZnjBmig2E?si=fUinpND3V8y0I6Bs&quot;,&quot;video_type&quot;:&quot;youtube&quot;,&quot;controls&quot;:&quot;yes&quot;}\" data-widget_type=\"video.default\">\n\t\t\t\t<div class=\"elementor-widget-container\">\n\t\t\t\t\t\t\t<div class=\"elementor-wrapper elementor-open-inline\">\n\t\t\t<div class=\"elementor-video\"><\/div>\t\t<\/div>\n\t\t\t\t\t\t<\/div>\n\t\t\t\t<\/div>\n\t\t\t\t\t<\/div>\n\t\t<\/div>\n\t\t\t\t\t<\/div>\n\t\t<\/section>\n\t\t\t\t<\/div>","protected":false},"excerpt":{"rendered":"<p>Juste \u00e0 temps pour le 125e anniversaire de l'A\u00e9CS, le groupe de vol \u00e0 voile de B\u00e2le-Fricktal a organis\u00e9 pour la premi\u00e8re fois une journ\u00e9e YES sur l'a\u00e9rodrome de LSZI\/Fricktal-Schupfart. La journ\u00e9e pr\u00e9vue pour<\/p>","protected":false},"author":2,"featured_media":27103,"comment_status":"open","ping_status":"open","sticky":false,"template":"","format":"standard","meta":{"footnotes":""},"categories":[31],"tags":[],"class_list":["post-27099","post","type-post","status-publish","format-standard","has-post-thumbnail","hentry","category-jugend"],"_links":{"self":[{"href":"https:\/\/aeroclub.ch\/fr\/wp-json\/wp\/v2\/posts\/27099","targetHints":{"allow":["GET"]}}],"collection":[{"href":"https:\/\/aeroclub.ch\/fr\/wp-json\/wp\/v2\/posts"}],"about":[{"href":"https:\/\/aeroclub.ch\/fr\/wp-json\/wp\/v2\/types\/post"}],"author":[{"embeddable":true,"href":"https:\/\/aeroclub.ch\/fr\/wp-json\/wp\/v2\/users\/2"}],"replies":[{"embeddable":true,"href":"https:\/\/aeroclub.ch\/fr\/wp-json\/wp\/v2\/comments?post=27099"}],"version-history":[{"count":10,"href":"https:\/\/aeroclub.ch\/fr\/wp-json\/wp\/v2\/posts\/27099\/revisions"}],"predecessor-version":[{"id":27111,"href":"https:\/\/aeroclub.ch\/fr\/wp-json\/wp\/v2\/posts\/27099\/revisions\/27111"}],"wp:featuredmedia":[{"embeddable":true,"href":"https:\/\/aeroclub.ch\/fr\/wp-json\/wp\/v2\/media\/27103"}],"wp:attachment":[{"href":"https:\/\/aeroclub.ch\/fr\/wp-json\/wp\/v2\/media?parent=27099"}],"wp:term":[{"taxonomy":"category","embeddable":true,"href":"https:\/\/aeroclub.ch\/fr\/wp-json\/wp\/v2\/categories?post=27099"},{"taxonomy":"post_tag","embeddable":true,"href":"https:\/\/aeroclub.ch\/fr\/wp-json\/wp\/v2\/tags?post=27099"}],"curies":[{"name":"wp","href":"https:\/\/api.w.org\/{rel}","templated":true}]}}