{"id":27090,"date":"2026-04-30T11:30:19","date_gmt":"2026-04-30T09:30:19","guid":{"rendered":"https:\/\/aeroclub.ch\/?p=27090"},"modified":"2026-04-30T11:30:19","modified_gmt":"2026-04-30T09:30:19","slug":"philip-baertschi-als-top-anwalt-der-luftfahrt-branche-ausgezeichnet","status":"publish","type":"post","link":"https:\/\/aeroclub.ch\/fr\/philip-baertschi-als-top-anwalt-der-luftfahrt-branche-ausgezeichnet\/","title":{"rendered":"Philip B\u00e4rtschi \u00e9lu \"meilleur avocat\" du secteur de l'aviation"},"content":{"rendered":"<div data-elementor-type=\"wp-post\" data-elementor-id=\"27090\" class=\"elementor elementor-27090\" data-elementor-post-type=\"post\">\n\t\t\t\t\t\t<section class=\"elementor-section elementor-top-section elementor-element elementor-element-acb3bc6 elementor-section-boxed elementor-section-height-default elementor-section-height-default\" data-id=\"acb3bc6\" data-element_type=\"section\" data-e-type=\"section\">\n\t\t\t\t\t\t<div class=\"elementor-container elementor-column-gap-default\">\n\t\t\t\t\t<div class=\"elementor-column elementor-col-100 elementor-top-column elementor-element elementor-element-7cfd2f4\" data-id=\"7cfd2f4\" data-element_type=\"column\" data-e-type=\"column\">\n\t\t\t<div class=\"elementor-widget-wrap elementor-element-populated\">\n\t\t\t\t\t\t<div class=\"elementor-element elementor-element-b69017a elementor-widget elementor-widget-text-editor\" data-id=\"b69017a\" data-element_type=\"widget\" data-e-type=\"widget\" data-widget_type=\"text-editor.default\">\n\t\t\t\t<div class=\"elementor-widget-container\">\n\t\t\t\t\t\t\t\t\t<p><strong>Die Anwaltskanzlei von Rechtsanwalt Philip B\u00e4rtschi wurde von den Zeitschriften \u00abBILANZ\u00bb und \u00abLe Temps\u00bb f\u00fcr die Arbeit im Bereich Luftfahrt ausgezeichnet.<\/strong><\/p><p>Die \u00abBILANZ\u00bb und \u00abLe Temps\u00bb publizieren jedes Jahr die f\u00fchrenden Anwaltskanzleien der Schweiz nach Rechtsgebiet. Die Auswertung basiert auf den erhobenen Daten des Onlineportals Statista und Empfehlungen von Fachpersonen.<\/p><h4>Leiter Ressort Recht beim AeCS<\/h4><p>In der Sparte Luftfahrt ist die Anwaltskanzlei B\u00e4rtschi unter den Top-5 aufgef\u00fchrt. Die Aufstellung ist nach H\u00e4ufigkeit der Empfehlungen sortiert und weist B\u00e4rtschis Kanzlei auf dem dritten Rang aus. Kanzlei-Inhaber Philip B\u00e4rtschi ist Stv. Zentralpr\u00e4sident des AeCS und leitet das Ressort Recht im Aero-Club der Schweiz. Er ber\u00e4t und vertritt seit knapp 20 Jahren Akteure aus dem Luftfahrtsektor in verwaltungs-, zivil- und strafrechtlichen Belangen.<\/p>\t\t\t\t\t\t\t\t<\/div>\n\t\t\t\t<\/div>\n\t\t\t\t\t<\/div>\n\t\t<\/div>\n\t\t\t\t\t<\/div>\n\t\t<\/section>\n\t\t\t\t<\/div>","protected":false},"excerpt":{"rendered":"<p>Die Anwaltskanzlei von Rechtsanwalt Philip B\u00e4rtschi wurde von den Zeitschriften \u00abBILANZ\u00bb und \u00abLe Temps\u00bb f\u00fcr die Arbeit im Bereich Luftfahrt<\/p>","protected":false},"author":2,"featured_media":27089,"comment_status":"open","ping_status":"open","sticky":false,"template":"","format":"standard","meta":{"footnotes":""},"categories":[44],"tags":[],"class_list":["post-27090","post","type-post","status-publish","format-standard","has-post-thumbnail","hentry","category-aktuell"],"_links":{"self":[{"href":"https:\/\/aeroclub.ch\/fr\/wp-json\/wp\/v2\/posts\/27090","targetHints":{"allow":["GET"]}}],"collection":[{"href":"https:\/\/aeroclub.ch\/fr\/wp-json\/wp\/v2\/posts"}],"about":[{"href":"https:\/\/aeroclub.ch\/fr\/wp-json\/wp\/v2\/types\/post"}],"author":[{"embeddable":true,"href":"https:\/\/aeroclub.ch\/fr\/wp-json\/wp\/v2\/users\/2"}],"replies":[{"embeddable":true,"href":"https:\/\/aeroclub.ch\/fr\/wp-json\/wp\/v2\/comments?post=27090"}],"version-history":[{"count":8,"href":"https:\/\/aeroclub.ch\/fr\/wp-json\/wp\/v2\/posts\/27090\/revisions"}],"predecessor-version":[{"id":27098,"href":"https:\/\/aeroclub.ch\/fr\/wp-json\/wp\/v2\/posts\/27090\/revisions\/27098"}],"wp:featuredmedia":[{"embeddable":true,"href":"https:\/\/aeroclub.ch\/fr\/wp-json\/wp\/v2\/media\/27089"}],"wp:attachment":[{"href":"https:\/\/aeroclub.ch\/fr\/wp-json\/wp\/v2\/media?parent=27090"}],"wp:term":[{"taxonomy":"category","embeddable":true,"href":"https:\/\/aeroclub.ch\/fr\/wp-json\/wp\/v2\/categories?post=27090"},{"taxonomy":"post_tag","embeddable":true,"href":"https:\/\/aeroclub.ch\/fr\/wp-json\/wp\/v2\/tags?post=27090"}],"curies":[{"name":"wp","href":"https:\/\/api.w.org\/{rel}","templated":true}]}}