{"id":263,"date":"2024-08-26T13:54:41","date_gmt":"2024-08-26T11:54:41","guid":{"rendered":"https:\/\/bogehiwo.cyon.site\/?p=263"},"modified":"2025-01-21T10:06:37","modified_gmt":"2025-01-21T09:06:37","slug":"scale-wm-in-rumaenien","status":"publish","type":"post","link":"https:\/\/aeroclub.ch\/fr\/scale-wm-in-rumaenien\/","title":{"rendered":"Championnats du monde de scale en Roumanie : la Suisse remporte l'or !"},"content":{"rendered":"<p><strong>Notre \u00e9quipe suisse de scale a brill\u00e9 lors du championnat du monde des mod\u00e8les r\u00e9duits. Dans la cat\u00e9gorie F4H, Reto Senn est devenu champion du monde, tandis que dans la cat\u00e9gorie F4C, Andreas L\u00fcthi, qui d\u00e9fendait jusqu'\u00e0 pr\u00e9sent son titre, a obtenu la m\u00e9daille d'argent. Dans le classement par \u00e9quipe F4H, la Suisse a \u00e9galement remport\u00e9 l'or.\u00a0<\/strong><\/p>\n<p>L'a\u00e9romod\u00e9lisme fid\u00e8le est consid\u00e9r\u00e9 par beaucoup comme la discipline reine du mod\u00e9lisme. Dans la cat\u00e9gorie F4C, le mod\u00e8le doit \u00eatre enti\u00e8rement construit par le pilote et est soumis \u00e0 une longue \u00e9valuation de la construction. Dans la cat\u00e9gorie F4H, l'\u00e9valuation de la construction dure au maximum 15 minutes et des mod\u00e8les pr\u00e9fabriqu\u00e9s peuvent \u00eatre utilis\u00e9s. Pour les deux cat\u00e9gories, les mod\u00e8les doivent \u00eatre pr\u00e9-vol\u00e9s fid\u00e8lement lors de l'\u00e9valuation en vol.<\/p>","protected":false},"excerpt":{"rendered":"<p>Notre \u00e9quipe suisse de scale a brill\u00e9 lors du championnat du monde des mod\u00e8les r\u00e9duits. Dans la cat\u00e9gorie F4H, Reto Senn est devenu champion du monde, en<\/p>","protected":false},"author":2,"featured_media":21306,"comment_status":"open","ping_status":"open","sticky":false,"template":"","format":"standard","meta":{"footnotes":""},"categories":[44],"tags":[],"class_list":["post-263","post","type-post","status-publish","format-standard","has-post-thumbnail","hentry","category-aktuell"],"_links":{"self":[{"href":"https:\/\/aeroclub.ch\/fr\/wp-json\/wp\/v2\/posts\/263","targetHints":{"allow":["GET"]}}],"collection":[{"href":"https:\/\/aeroclub.ch\/fr\/wp-json\/wp\/v2\/posts"}],"about":[{"href":"https:\/\/aeroclub.ch\/fr\/wp-json\/wp\/v2\/types\/post"}],"author":[{"embeddable":true,"href":"https:\/\/aeroclub.ch\/fr\/wp-json\/wp\/v2\/users\/2"}],"replies":[{"embeddable":true,"href":"https:\/\/aeroclub.ch\/fr\/wp-json\/wp\/v2\/comments?post=263"}],"version-history":[{"count":0,"href":"https:\/\/aeroclub.ch\/fr\/wp-json\/wp\/v2\/posts\/263\/revisions"}],"wp:featuredmedia":[{"embeddable":true,"href":"https:\/\/aeroclub.ch\/fr\/wp-json\/wp\/v2\/media\/21306"}],"wp:attachment":[{"href":"https:\/\/aeroclub.ch\/fr\/wp-json\/wp\/v2\/media?parent=263"}],"wp:term":[{"taxonomy":"category","embeddable":true,"href":"https:\/\/aeroclub.ch\/fr\/wp-json\/wp\/v2\/categories?post=263"},{"taxonomy":"post_tag","embeddable":true,"href":"https:\/\/aeroclub.ch\/fr\/wp-json\/wp\/v2\/tags?post=263"}],"curies":[{"name":"wp","href":"https:\/\/api.w.org\/{rel}","templated":true}]}}