{"id":25461,"date":"2025-12-08T15:39:11","date_gmt":"2025-12-08T14:39:11","guid":{"rendered":"https:\/\/aeroclub.ch\/?p=25461"},"modified":"2025-12-08T15:39:11","modified_gmt":"2025-12-08T14:39:11","slug":"wer-organisiert-die-70-gordon-bennett-wm-in-der-schweiz","status":"publish","type":"post","link":"https:\/\/aeroclub.ch\/fr\/wer-organisiert-die-70-gordon-bennett-wm-in-der-schweiz\/","title":{"rendered":"Qui organise le 70e championnat du monde Gordon Bennett en Suisse ?"},"content":{"rendered":"<div data-elementor-type=\"wp-post\" data-elementor-id=\"25461\" class=\"elementor elementor-25461\" data-elementor-post-type=\"post\">\n\t\t\t\t\t\t<section class=\"elementor-section elementor-top-section elementor-element elementor-element-66ea397 elementor-section-boxed elementor-section-height-default elementor-section-height-default\" data-id=\"66ea397\" data-element_type=\"section\" data-e-type=\"section\">\n\t\t\t\t\t\t<div class=\"elementor-container elementor-column-gap-default\">\n\t\t\t\t\t<div class=\"elementor-column elementor-col-100 elementor-top-column elementor-element elementor-element-ab9450d\" data-id=\"ab9450d\" data-element_type=\"column\" data-e-type=\"column\">\n\t\t\t<div class=\"elementor-widget-wrap elementor-element-populated\">\n\t\t\t\t\t\t<div class=\"elementor-element elementor-element-c0aced0 elementor-widget elementor-widget-text-editor\" data-id=\"c0aced0\" data-element_type=\"widget\" data-e-type=\"widget\" data-widget_type=\"text-editor.default\">\n\t\t\t\t<div class=\"elementor-widget-container\">\n\t\t\t\t\t\t\t\t\t<p class=\"ms-outlook-mobile-reference-message skipProofing\"><strong>Avec le gain des 68<sup>rd<\/sup>\u00a0Coupe A\u00e9ronautique Gordon Bennett par Kurt Frieden et Pascal Witpr\u00e4chtiger, la Suisse a acquis le droit d'organiser l'\u00e9v\u00e9nement en 2027.<\/strong><\/p><p class=\"ms-outlook-mobile-reference-message skipProofing\">Un championnat du monde sur le sol suisse est une formidable occasion de pr\u00e9senter l'aviation l\u00e9g\u00e8re et sportive sous son meilleur jour. Une f\u00eate pour petits et grands avec une grande libert\u00e9 d'organisation pour l'organisateur.\u00a0<\/p><p class=\"ms-outlook-mobile-reference-message skipProofing\">L'ASEP, sur mandat de l'A\u00e9CS, \u00e9tudie la faisabilit\u00e9 de l'op\u00e9ration et invite les organisateurs int\u00e9ress\u00e9s \u00e0 se manifester. <b>jusqu'au 31 d\u00e9cembre 2025<\/b>\u00a0de faire une d\u00e9claration d'intention. Celle-ci doit \u00eatre envoy\u00e9e directement \u00e0 <a title=\"mailto:pascal.witpraechtiger@sbav.ch\" href=\"mailto:pascal.witpraechtiger@sbav.ch\" target=\"_blank\" rel=\"noopener\" data-outlook-id=\"b4f14760-9577-4d1c-887d-13b91c3b2f4f\">Pascal Witpr\u00e4chtiger<\/a>\u00a0\u00e0 l'adresse suivante. Nous remercions les organisateurs potentiels d'annoncer le protocole d'accord suffisamment t\u00f4t.\u00a0<\/p><p class=\"ms-outlook-mobile-reference-message skipProofing\">Id\u00e9alement, la d\u00e9claration d'intention contient d\u00e9j\u00e0 des informations sur l'organisation et le lieu de r\u00e9alisation. L'ASEP attend avec impatience les nombreuses candidatures et suggestions et d\u00e9cidera sur cette base qui sera retenu. Nous restons bien entendu \u00e0 votre disposition pour toute question.<\/p><p><b>Principales t\u00e2ches des organisateurs\u00a0<\/b><br \/><u>Pr\u00e9sidence \/ Secr\u00e9tariat<\/u><\/p><ul><li>Direction g\u00e9n\u00e9rale de l'organisation<\/li><li>Coordination avec l'A\u00e9CS, la FAI, la CIA et le SBAV<\/li><li>Collaboration intensive avec la direction de la comp\u00e9tition, y compris le contr\u00f4le a\u00e9rien et les m\u00e9t\u00e9orologues, ainsi qu'avec le jury.<\/li><\/ul><div class=\"ms-outlook-mobile-reference-message skipProofing\"><u>Finances et sponsoring<\/u><\/div><ul><li>Budg\u00e9tisation et facturation de l'\u00e9v\u00e9nement<\/li><li>Financement de l'\u00e9v\u00e9nement notamment par des sponsors<\/li><\/ul><div class=\"ms-outlook-mobile-reference-message skipProofing\"><u>Encadrement de l'\u00e9quipe<\/u><\/div><ul><li>Encadrement des \u00e9quipes<\/li><li>Envoi des invitations et r\u00e9ception des inscriptions<\/li><li>Aide \u00e0 la recherche d'un logement<\/li><li>Planification de la c\u00e9r\u00e9monie d'ouverture, de la c\u00e9r\u00e9monie de remise des prix et de la c\u00e9r\u00e9monie de cl\u00f4ture<\/li><\/ul><div class=\"ms-outlook-mobile-reference-message skipProofing\"><u>Communication<\/u><\/div><ul><li>Communication avec diff\u00e9rents groupes de parties prenantes via diff\u00e9rents canaux<\/li><\/ul><div class=\"ms-outlook-mobile-reference-message skipProofing\"><u>Infrastructure et s\u00e9curit\u00e9<\/u><\/div><ul><li>Assurer l'infrastructure sur le site de d\u00e9collage (notamment gaz, sable, places de parking, locaux, chapiteaux)<\/li><li>Planification et gestion des assistants dans un d\u00e9partement sp\u00e9cifique<\/li><li>Obtention d'autorisations aupr\u00e8s de la commune, du canton et de la Conf\u00e9d\u00e9ration (entre autres, patente de restaurateur, police, office cantonal des for\u00eats, OFAC)<\/li><li>Maintien de la s\u00e9curit\u00e9 (notamment agent de s\u00e9curit\u00e9, contr\u00f4les stricts de l'acc\u00e8s \u00e0 la zone de remplissage, concept de s\u00e9curit\u00e9 et de crise, cellule de crise, axes de sauvetage, coordination avec les organisations de secours).<\/li><\/ul><div class=\"ms-outlook-mobile-reference-message skipProofing\"><u>Programme cadre<\/u><\/div><ul><li>Organisation d'un programme d'accompagnement pour le public<\/li><li>Restauration des \u00e9quipes et du public<\/li><\/ul>\t\t\t\t\t\t\t\t<\/div>\n\t\t\t\t<\/div>\n\t\t\t\t\t<\/div>\n\t\t<\/div>\n\t\t\t\t\t<\/div>\n\t\t<\/section>\n\t\t\t\t<section class=\"elementor-section elementor-top-section elementor-element elementor-element-8f2a6a1 elementor-section-boxed elementor-section-height-default elementor-section-height-default\" data-id=\"8f2a6a1\" data-element_type=\"section\" data-e-type=\"section\">\n\t\t\t\t\t\t<div class=\"elementor-container elementor-column-gap-default\">\n\t\t\t\t\t<div class=\"elementor-column elementor-col-100 elementor-top-column elementor-element elementor-element-0df3b34\" data-id=\"0df3b34\" data-element_type=\"column\" data-e-type=\"column\">\n\t\t\t<div class=\"elementor-widget-wrap elementor-element-populated\">\n\t\t\t\t\t\t<div class=\"elementor-element elementor-element-99ab3b8 elementor-widget elementor-widget-video\" data-id=\"99ab3b8\" data-element_type=\"widget\" data-e-type=\"widget\" data-settings=\"{&quot;youtube_url&quot;:&quot;https:\\\/\\\/youtu.be\\\/6vlINXlx0yc?si=e5-469cTwQYn9Mrb&quot;,&quot;video_type&quot;:&quot;youtube&quot;,&quot;controls&quot;:&quot;yes&quot;}\" data-widget_type=\"video.default\">\n\t\t\t\t<div class=\"elementor-widget-container\">\n\t\t\t\t\t\t\t<div class=\"elementor-wrapper elementor-open-inline\">\n\t\t\t<div class=\"elementor-video\"><\/div>\t\t<\/div>\n\t\t\t\t\t\t<\/div>\n\t\t\t\t<\/div>\n\t\t\t\t\t<\/div>\n\t\t<\/div>\n\t\t\t\t\t<\/div>\n\t\t<\/section>\n\t\t\t\t<\/div>","protected":false},"excerpt":{"rendered":"<p>Avec la victoire de Kurt Frieden et Pascal Witpr\u00e4chtiger \u00e0 la 68rd Coupe A\u00e9ronautique Gordon Bennett, la Suisse a acquis ce droit,<\/p>","protected":false},"author":2,"featured_media":25469,"comment_status":"open","ping_status":"open","sticky":false,"template":"","format":"standard","meta":{"footnotes":""},"categories":[44],"tags":[],"class_list":["post-25461","post","type-post","status-publish","format-standard","has-post-thumbnail","hentry","category-aktuell"],"_links":{"self":[{"href":"https:\/\/aeroclub.ch\/fr\/wp-json\/wp\/v2\/posts\/25461","targetHints":{"allow":["GET"]}}],"collection":[{"href":"https:\/\/aeroclub.ch\/fr\/wp-json\/wp\/v2\/posts"}],"about":[{"href":"https:\/\/aeroclub.ch\/fr\/wp-json\/wp\/v2\/types\/post"}],"author":[{"embeddable":true,"href":"https:\/\/aeroclub.ch\/fr\/wp-json\/wp\/v2\/users\/2"}],"replies":[{"embeddable":true,"href":"https:\/\/aeroclub.ch\/fr\/wp-json\/wp\/v2\/comments?post=25461"}],"version-history":[{"count":0,"href":"https:\/\/aeroclub.ch\/fr\/wp-json\/wp\/v2\/posts\/25461\/revisions"}],"wp:featuredmedia":[{"embeddable":true,"href":"https:\/\/aeroclub.ch\/fr\/wp-json\/wp\/v2\/media\/25469"}],"wp:attachment":[{"href":"https:\/\/aeroclub.ch\/fr\/wp-json\/wp\/v2\/media?parent=25461"}],"wp:term":[{"taxonomy":"category","embeddable":true,"href":"https:\/\/aeroclub.ch\/fr\/wp-json\/wp\/v2\/categories?post=25461"},{"taxonomy":"post_tag","embeddable":true,"href":"https:\/\/aeroclub.ch\/fr\/wp-json\/wp\/v2\/tags?post=25461"}],"curies":[{"name":"wp","href":"https:\/\/api.w.org\/{rel}","templated":true}]}}