{"id":24259,"date":"2025-08-25T07:36:16","date_gmt":"2025-08-25T05:36:16","guid":{"rendered":"https:\/\/aeroclub.ch\/?p=24259"},"modified":"2025-08-25T07:36:16","modified_gmt":"2025-08-25T05:36:16","slug":"schweizer-erfolg-an-der-heissluft-em-in-wieselburg","status":"publish","type":"post","link":"https:\/\/aeroclub.ch\/fr\/schweizer-erfolg-an-der-heissluft-em-in-wieselburg\/","title":{"rendered":"Succ\u00e8s suisse aux Championnats d'Europe \u00e0 l'air chaud de Wieselburg"},"content":{"rendered":"<div data-elementor-type=\"wp-post\" data-elementor-id=\"24259\" class=\"elementor elementor-24259\" data-elementor-post-type=\"post\">\n\t\t\t\t\t\t<section class=\"elementor-section elementor-top-section elementor-element elementor-element-92c997e elementor-section-boxed elementor-section-height-default elementor-section-height-default\" data-id=\"92c997e\" data-element_type=\"section\" data-e-type=\"section\">\n\t\t\t\t\t\t<div class=\"elementor-container elementor-column-gap-default\">\n\t\t\t\t\t<div class=\"elementor-column elementor-col-100 elementor-top-column elementor-element elementor-element-c8c48ce\" data-id=\"c8c48ce\" data-element_type=\"column\" data-e-type=\"column\">\n\t\t\t<div class=\"elementor-widget-wrap elementor-element-populated\">\n\t\t\t\t\t\t<div class=\"elementor-element elementor-element-a13f9f0 elementor-widget elementor-widget-text-editor\" data-id=\"a13f9f0\" data-element_type=\"widget\" data-e-type=\"widget\" data-widget_type=\"text-editor.default\">\n\t\t\t\t<div class=\"elementor-widget-container\">\n\t\t\t\t\t\t\t\t\t<p><strong>Le pilote suisse Stefan Zeberli a remport\u00e9 son sixi\u00e8me titre de champion d'Europe lors du 23e championnat d'Europe FAI de montgolfi\u00e8res \u00e0 Wieselburg, en Autriche, apr\u00e8s une semaine de vols intenses et de t\u00e2ches exigeantes.<\/strong><\/p><p>Zeberli a commenc\u00e9 la comp\u00e9tition comme l'un des favoris et num\u00e9ro 1 au classement mondial de la FAI et a pleinement assum\u00e9 son statut en remportant un nouveau titre de champion d'Europe. Il a remport\u00e9 son premier titre en 2009 en France, suivi de victoires en 2011, 2015, 2017 et 2019. Il a \u00e9galement remport\u00e9 le championnat du monde en 2022.<\/p><p>Zeberli a salu\u00e9 les \"conditions m\u00e9t\u00e9orologiques parfaites\" et a d\u00e9clar\u00e9 : \".<b>Je suis tr\u00e8s fier de mon \u00e9quipe<\/b>Je n'ai pas de mots pour le dire, je suis tr\u00e8s \u00e9mu de ramener le troph\u00e9e \u00e0 la maison\".<\/p>\t\t\t\t\t\t\t\t<\/div>\n\t\t\t\t<\/div>\n\t\t\t\t\t<\/div>\n\t\t<\/div>\n\t\t\t\t\t<\/div>\n\t\t<\/section>\n\t\t\t\t<section class=\"elementor-section elementor-top-section elementor-element elementor-element-a72c12c elementor-section-boxed elementor-section-height-default elementor-section-height-default\" data-id=\"a72c12c\" data-element_type=\"section\" data-e-type=\"section\">\n\t\t\t\t\t\t<div class=\"elementor-container elementor-column-gap-default\">\n\t\t\t\t\t<div class=\"elementor-column elementor-col-100 elementor-top-column elementor-element elementor-element-3fa2bbf\" data-id=\"3fa2bbf\" data-element_type=\"column\" data-e-type=\"column\">\n\t\t\t<div class=\"elementor-widget-wrap elementor-element-populated\">\n\t\t\t\t\t\t<div class=\"elementor-element elementor-element-6620f52 elementor-widget elementor-widget-image\" data-id=\"6620f52\" data-element_type=\"widget\" data-e-type=\"widget\" data-widget_type=\"image.default\">\n\t\t\t\t<div class=\"elementor-widget-container\">\n\t\t\t\t\t\t\t\t\t\t\t\t\t\t\t<img decoding=\"async\" width=\"800\" height=\"450\" src=\"https:\/\/aeroclub.ch\/wp-content\/uploads\/2025\/08\/54733584176_468fbd480e_b.jpg\" class=\"attachment-large size-large wp-image-24257\" alt=\"\" srcset=\"https:\/\/aeroclub.ch\/wp-content\/uploads\/2025\/08\/54733584176_468fbd480e_b.jpg 1024w, https:\/\/aeroclub.ch\/wp-content\/uploads\/2025\/08\/54733584176_468fbd480e_b-300x169.jpg 300w, https:\/\/aeroclub.ch\/wp-content\/uploads\/2025\/08\/54733584176_468fbd480e_b-768x432.jpg 768w, https:\/\/aeroclub.ch\/wp-content\/uploads\/2025\/08\/54733584176_468fbd480e_b-18x10.jpg 18w\" sizes=\"(max-width: 800px) 100vw, 800px\" \/>\t\t\t\t\t\t\t\t\t\t\t\t\t\t\t<\/div>\n\t\t\t\t<\/div>\n\t\t\t\t\t<\/div>\n\t\t<\/div>\n\t\t\t\t\t<\/div>\n\t\t<\/section>\n\t\t\t\t<section class=\"elementor-section elementor-top-section elementor-element elementor-element-6161ff8 elementor-section-boxed elementor-section-height-default elementor-section-height-default\" data-id=\"6161ff8\" data-element_type=\"section\" data-e-type=\"section\">\n\t\t\t\t\t\t<div class=\"elementor-container elementor-column-gap-default\">\n\t\t\t\t\t<div class=\"elementor-column elementor-col-100 elementor-top-column elementor-element elementor-element-4b8abfa\" data-id=\"4b8abfa\" data-element_type=\"column\" data-e-type=\"column\">\n\t\t\t<div class=\"elementor-widget-wrap elementor-element-populated\">\n\t\t\t\t\t\t<div class=\"elementor-element elementor-element-a16941f elementor-widget elementor-widget-text-editor\" data-id=\"a16941f\" data-element_type=\"widget\" data-e-type=\"widget\" data-widget_type=\"text-editor.default\">\n\t\t\t\t<div class=\"elementor-widget-container\">\n\t\t\t\t\t\t\t\t\t<p>Vers la fin de la comp\u00e9tition, la pression est mont\u00e9e dans un coude \u00e0 coude entre les pilotes les mieux class\u00e9s. C'\u00e9tait la <b>constance habile <\/b>de Zeberli, 43 ans, qui l'a plac\u00e9 en t\u00eate \u00e0 Wieselburg, en Autriche. Le Britannique Dominic Bareford, 32 ans, a livr\u00e9 une bataille impressionnante contre le champion suisse, mais a finalement d\u00fb se contenter de la deuxi\u00e8me place et a dit : <i>\"Dans l'ensemble, il y avait beaucoup d'aspects positifs, mais une petite partie de moi a le sentiment d'avoir rat\u00e9 une occasion\".<\/i> Le co\u00e9quipier suisse de Zeberli <b>David Strasmann, 44 ans, a pris la troisi\u00e8me place<\/b> en disant qu'il \u00e9tait <i>\"tr\u00e8s fier d'\u00eatre \u00e0 nouveau sur le podium\".<\/i><\/p><p>La c\u00e9r\u00e9monie de remise des prix a eu lieu le 23 ao\u00fbt et a constitu\u00e9 le point d'orgue d'une <b>\u00e9v\u00e9nement spectaculaire d'une semaine<\/b>Les ballons ont illumin\u00e9 le ciel du Mostviertel autrichien de leurs couleurs vives.<\/p><p>Lors de la remise des prix, Claude Weber, pr\u00e9sident de la Commission Ballons de la FAI, a d\u00e9clar\u00e9<em> \"Avec une m\u00e9t\u00e9o tr\u00e8s favorable et un site de vol magnifique, les pilotes ont eu beaucoup de chance et ont \u00e9t\u00e9 confront\u00e9s \u00e0 des t\u00e2ches exigeantes mais int\u00e9ressantes. \"Nous n'aurions pas pu r\u00eaver mieux, avec de tr\u00e8s bons organisateurs qui ont accueilli un superbe \u00e9v\u00e9nement en Europe\".<\/em><\/p><p>\u00c0 la fin de l'\u00e9v\u00e9nement, les responsables ont confirm\u00e9 que les prochains Championnats d'Europe FAI de montgolfi\u00e8res se d\u00e9rouleront \u00e0 Majorque, en Espagne, en 2027.<\/p><p><u>R\u00e9sultats<\/u><\/p><ol><li>Stefan Zeberli (SUI)<\/li><li>Dominic Bareford (GBR)<\/li><li>David Strasmann (SUI)<\/li><\/ol>\t\t\t\t\t\t\t\t<\/div>\n\t\t\t\t<\/div>\n\t\t\t\t\t<\/div>\n\t\t<\/div>\n\t\t\t\t\t<\/div>\n\t\t<\/section>\n\t\t\t\t<section class=\"elementor-section elementor-top-section elementor-element elementor-element-c1f1044 elementor-section-boxed elementor-section-height-default elementor-section-height-default\" data-id=\"c1f1044\" data-element_type=\"section\" data-e-type=\"section\">\n\t\t\t\t\t\t<div class=\"elementor-container elementor-column-gap-default\">\n\t\t\t\t\t<div class=\"elementor-column elementor-col-100 elementor-top-column elementor-element elementor-element-3d3ba1b\" data-id=\"3d3ba1b\" data-element_type=\"column\" data-e-type=\"column\">\n\t\t\t<div class=\"elementor-widget-wrap elementor-element-populated\">\n\t\t\t\t\t\t<div class=\"elementor-element elementor-element-6acc365 elementor-widget elementor-widget-video\" data-id=\"6acc365\" data-element_type=\"widget\" data-e-type=\"widget\" data-settings=\"{&quot;youtube_url&quot;:&quot;https:\\\/\\\/youtu.be\\\/fu8VII9rEyk?si=hyTcIzxu3wxRjFke&quot;,&quot;video_type&quot;:&quot;youtube&quot;,&quot;controls&quot;:&quot;yes&quot;}\" data-widget_type=\"video.default\">\n\t\t\t\t<div class=\"elementor-widget-container\">\n\t\t\t\t\t\t\t<div class=\"elementor-wrapper elementor-open-inline\">\n\t\t\t<div class=\"elementor-video\"><\/div>\t\t<\/div>\n\t\t\t\t\t\t<\/div>\n\t\t\t\t<\/div>\n\t\t\t\t\t<\/div>\n\t\t<\/div>\n\t\t\t\t\t<\/div>\n\t\t<\/section>\n\t\t\t\t<\/div>","protected":false},"excerpt":{"rendered":"<p>Le pilote suisse Stefan Zeberli a remport\u00e9 le 23e Championnat d'Europe FAI de montgolfi\u00e8res \u00e0 Wieselburg, en Autriche, apr\u00e8s une semaine de vols intensifs avec des conditions exigeantes.<\/p>","protected":false},"author":2,"featured_media":24258,"comment_status":"open","ping_status":"open","sticky":false,"template":"","format":"standard","meta":{"footnotes":""},"categories":[44],"tags":[],"class_list":["post-24259","post","type-post","status-publish","format-standard","has-post-thumbnail","hentry","category-aktuell"],"_links":{"self":[{"href":"https:\/\/aeroclub.ch\/fr\/wp-json\/wp\/v2\/posts\/24259","targetHints":{"allow":["GET"]}}],"collection":[{"href":"https:\/\/aeroclub.ch\/fr\/wp-json\/wp\/v2\/posts"}],"about":[{"href":"https:\/\/aeroclub.ch\/fr\/wp-json\/wp\/v2\/types\/post"}],"author":[{"embeddable":true,"href":"https:\/\/aeroclub.ch\/fr\/wp-json\/wp\/v2\/users\/2"}],"replies":[{"embeddable":true,"href":"https:\/\/aeroclub.ch\/fr\/wp-json\/wp\/v2\/comments?post=24259"}],"version-history":[{"count":0,"href":"https:\/\/aeroclub.ch\/fr\/wp-json\/wp\/v2\/posts\/24259\/revisions"}],"wp:featuredmedia":[{"embeddable":true,"href":"https:\/\/aeroclub.ch\/fr\/wp-json\/wp\/v2\/media\/24258"}],"wp:attachment":[{"href":"https:\/\/aeroclub.ch\/fr\/wp-json\/wp\/v2\/media?parent=24259"}],"wp:term":[{"taxonomy":"category","embeddable":true,"href":"https:\/\/aeroclub.ch\/fr\/wp-json\/wp\/v2\/categories?post=24259"},{"taxonomy":"post_tag","embeddable":true,"href":"https:\/\/aeroclub.ch\/fr\/wp-json\/wp\/v2\/tags?post=24259"}],"curies":[{"name":"wp","href":"https:\/\/api.w.org\/{rel}","templated":true}]}}