{"id":24251,"date":"2025-08-20T10:55:29","date_gmt":"2025-08-20T08:55:29","guid":{"rendered":"https:\/\/aeroclub.ch\/?p=24251"},"modified":"2025-08-20T10:55:29","modified_gmt":"2025-08-20T08:55:29","slug":"flug-vorfuehrungen-oder-statische-praesentation-der-luftwaffe-2026","status":"publish","type":"post","link":"https:\/\/aeroclub.ch\/fr\/flug-vorfuehrungen-oder-statische-praesentation-der-luftwaffe-2026\/","title":{"rendered":"D\u00e9monstrations en vol ou pr\u00e9sentation statique de l'arm\u00e9e de l'air 2026"},"content":{"rendered":"<p><strong>Les Forces a\u00e9riennes ont besoin de toutes les demandes pour les d\u00e9monstrations en vol 2026 des Displayteams Patrouille Suisse, PC-7 Team, Super Puma Display Team, PC-21 et Fsch Aufkl Vorf\u00fchrteam ainsi que pour les moyens statiques des Forces a\u00e9riennes suisses jusqu'\u00e0 fin octobre 2025. L'A\u00e9ro-Club de Suisse, en tant que partenaire privil\u00e9gi\u00e9 des Forces a\u00e9riennes, saisit les demandes pour les clubs de l'A\u00e9CS.<\/strong><\/p>\n<p>Vous pouvez nous soumettre votre demande en ligne \u00e0 l'adresse suivante : <strong><br \/>\n<a href=\"https:\/\/aeroclub.ch\/fr\/der-aecs-im-ueberblick-media\/gesuche-an-die-luftwaffe\/\"><em>https:\/\/aeroclub.ch\/der-aecs-im-ueberblick-media\/gesuche-an-die-luftwaffe<\/em><\/a><\/strong><\/p>\n<p>Pour les d\u00e9monstrations a\u00e9riennes de la Patrouille Suisse au-dessus des a\u00e9rodromes, le requ\u00e9rant doit veiller \u00e0 obtenir l'accord officiel de toutes les communes limitrophes de l'a\u00e9rodrome et \u00e0 le joindre \u00e0 sa demande.<\/p>\n<p><strong>Veuillez noter que<\/strong><\/p>\n<ul>\n<li>Plus le projet et le besoin sont formul\u00e9s de mani\u00e8re pr\u00e9cise, plus la demande a des chances d'\u00eatre accept\u00e9e.<\/li>\n<li>Plus vous planifiez t\u00f4t, plus il sera possible de r\u00e9pondre \u00e0 vos besoins.<\/li>\n<li>Les d\u00e9monstrations a\u00e9riennes doivent \u00eatre assur\u00e9es par l'organisateur \u00e0 hauteur d'au moins 50 millions de francs (Patrouille Suisse) et 30 millions de francs (PC-7 Team).<\/li>\n<li>Demandez \u00e9galement des d\u00e9monstrations en vol apr\u00e8s 2026, mais avec une mention sp\u00e9ciale<\/li>\n<li>En raison de situations inattendues, il faut s'attendre en 2026 \u00e0 d'\u00e9ventuelles annulations de derni\u00e8re minute des projections. Vous en serez toutefois inform\u00e9 \u00e0 l'avance.<\/li>\n<\/ul>\n<p>Merci d'avance de votre coop\u00e9ration.<\/p>","protected":false},"excerpt":{"rendered":"<p>Les Forces a\u00e9riennes ont besoin de toutes les demandes pour les d\u00e9monstrations en vol 2026 des \u00e9quipes d'affichage Patrouille Suisse, PC-7 Team, Super Puma Display Team, PC-21 et<\/p>","protected":false},"author":1,"featured_media":21195,"comment_status":"open","ping_status":"open","sticky":false,"template":"","format":"standard","meta":{"footnotes":""},"categories":[44],"tags":[],"class_list":["post-24251","post","type-post","status-publish","format-standard","has-post-thumbnail","hentry","category-aktuell"],"_links":{"self":[{"href":"https:\/\/aeroclub.ch\/fr\/wp-json\/wp\/v2\/posts\/24251","targetHints":{"allow":["GET"]}}],"collection":[{"href":"https:\/\/aeroclub.ch\/fr\/wp-json\/wp\/v2\/posts"}],"about":[{"href":"https:\/\/aeroclub.ch\/fr\/wp-json\/wp\/v2\/types\/post"}],"author":[{"embeddable":true,"href":"https:\/\/aeroclub.ch\/fr\/wp-json\/wp\/v2\/users\/1"}],"replies":[{"embeddable":true,"href":"https:\/\/aeroclub.ch\/fr\/wp-json\/wp\/v2\/comments?post=24251"}],"version-history":[{"count":0,"href":"https:\/\/aeroclub.ch\/fr\/wp-json\/wp\/v2\/posts\/24251\/revisions"}],"wp:featuredmedia":[{"embeddable":true,"href":"https:\/\/aeroclub.ch\/fr\/wp-json\/wp\/v2\/media\/21195"}],"wp:attachment":[{"href":"https:\/\/aeroclub.ch\/fr\/wp-json\/wp\/v2\/media?parent=24251"}],"wp:term":[{"taxonomy":"category","embeddable":true,"href":"https:\/\/aeroclub.ch\/fr\/wp-json\/wp\/v2\/categories?post=24251"},{"taxonomy":"post_tag","embeddable":true,"href":"https:\/\/aeroclub.ch\/fr\/wp-json\/wp\/v2\/tags?post=24251"}],"curies":[{"name":"wp","href":"https:\/\/api.w.org\/{rel}","templated":true}]}}