{"id":24234,"date":"2025-08-15T11:24:24","date_gmt":"2025-08-15T09:24:24","guid":{"rendered":"https:\/\/aeroclub.ch\/?p=24234"},"modified":"2025-08-15T11:24:24","modified_gmt":"2025-08-15T09:24:24","slug":"stay-safe-im-hochsommer-in-die-berge","status":"publish","type":"post","link":"https:\/\/aeroclub.ch\/fr\/stay-safe-im-hochsommer-in-die-berge\/","title":{"rendered":"Stay Safe : partir \u00e0 la montagne en plein \u00e9t\u00e9"},"content":{"rendered":"<p>Le plein \u00e9t\u00e9 nous attire, nous aussi, pilotes, dans les montagnes. Bien qu'il soit agr\u00e9able de voler en montagne en \u00e9t\u00e9, il existe des dangers insidieux, en particulier pour ceux qui ont peu d'exp\u00e9rience du vol en montagne. Nos coll\u00e8gues de stay safe. aero ont rassembl\u00e9 quelques conseils utiles qui valent la peine d'\u00eatre suivis, m\u00eame pour les pilotes exp\u00e9riment\u00e9s.<\/p>\n<p><a href=\"https:\/\/staysafe.aero\/de\/fliegen-im-sommer-und-gebirge-darauf-musst-du-achten\/\"><em><strong>Voler en \u00e9t\u00e9 et en montagne<\/strong><\/em><\/a><\/p>","protected":false},"excerpt":{"rendered":"<p>Le plein \u00e9t\u00e9 nous attire, nous aussi, pilotes, dans les montagnes. Bien qu'un vol en montagne en \u00e9t\u00e9 soit agr\u00e9able, il n'en reste pas moins qu'il est difficile de s'y rendre.<\/p>","protected":false},"author":2,"featured_media":24237,"comment_status":"open","ping_status":"open","sticky":false,"template":"","format":"standard","meta":{"footnotes":""},"categories":[16],"tags":[],"class_list":["post-24234","post","type-post","status-publish","format-standard","has-post-thumbnail","hentry","category-safety"],"_links":{"self":[{"href":"https:\/\/aeroclub.ch\/fr\/wp-json\/wp\/v2\/posts\/24234","targetHints":{"allow":["GET"]}}],"collection":[{"href":"https:\/\/aeroclub.ch\/fr\/wp-json\/wp\/v2\/posts"}],"about":[{"href":"https:\/\/aeroclub.ch\/fr\/wp-json\/wp\/v2\/types\/post"}],"author":[{"embeddable":true,"href":"https:\/\/aeroclub.ch\/fr\/wp-json\/wp\/v2\/users\/2"}],"replies":[{"embeddable":true,"href":"https:\/\/aeroclub.ch\/fr\/wp-json\/wp\/v2\/comments?post=24234"}],"version-history":[{"count":0,"href":"https:\/\/aeroclub.ch\/fr\/wp-json\/wp\/v2\/posts\/24234\/revisions"}],"wp:featuredmedia":[{"embeddable":true,"href":"https:\/\/aeroclub.ch\/fr\/wp-json\/wp\/v2\/media\/24237"}],"wp:attachment":[{"href":"https:\/\/aeroclub.ch\/fr\/wp-json\/wp\/v2\/media?parent=24234"}],"wp:term":[{"taxonomy":"category","embeddable":true,"href":"https:\/\/aeroclub.ch\/fr\/wp-json\/wp\/v2\/categories?post=24234"},{"taxonomy":"post_tag","embeddable":true,"href":"https:\/\/aeroclub.ch\/fr\/wp-json\/wp\/v2\/tags?post=24234"}],"curies":[{"name":"wp","href":"https:\/\/api.w.org\/{rel}","templated":true}]}}