{"id":23815,"date":"2025-06-03T11:13:35","date_gmt":"2025-06-03T09:13:35","guid":{"rendered":"https:\/\/aeroclub.ch\/?p=23815"},"modified":"2025-06-03T11:21:54","modified_gmt":"2025-06-03T09:21:54","slug":"gvm-sion-mit-jugendprogramm-yes-die-leidenschaft-fuers-fliegen-geweckt","status":"publish","type":"post","link":"https:\/\/aeroclub.ch\/fr\/gvm-sion-mit-jugendprogramm-yes-die-leidenschaft-fuers-fliegen-geweckt\/","title":{"rendered":"GVM Sion : \u00e9veiller la passion du vol avec le programme YES pour les jeunes"},"content":{"rendered":"<p><strong>Quelle journ\u00e9e incroyable pour les vols YES (Young Eagles of Switzerland) organis\u00e9s par le GVM Sion le samedi 17 mai ! Un grand merci \u00e0 tous les jeunes enthousiastes et aux pilotes b\u00e9n\u00e9voles qui ont rendu cette journ\u00e9e inoubliable. Entre sourires, d\u00e9couvertes et premiers vols, l'aviation a une nouvelle fois conquis les c\u0153urs !<\/strong><\/p>\n<p>Ce samedi, quinze jeunes passionn\u00e9s d'aviation ont eu l'occasion de vivre une exp\u00e9rience unique dans le ciel valaisan. Cette journ\u00e9e d'initiation entre Sion et Martigny a permis aux pilotes en herbe de d\u00e9couvrir le monde de l'aviation aux c\u00f4t\u00e9s de pilotes b\u00e9n\u00e9voles.<\/p>\n<p>Sous la supervision de passionn\u00e9s exp\u00e9riment\u00e9s, les participants sont mont\u00e9s \u00e0 bord d'avions l\u00e9gers pour des vols d'initiation au cours desquels ils ont pu profiter d'une vue imprenable sur la vall\u00e9e du Rh\u00f4ne. Pendant le vol, les jeunes ont \u00e9t\u00e9 initi\u00e9s aux bases du vol : Ils se sont familiaris\u00e9s avec les instruments de bord, ont manipul\u00e9 les commandes, ont effectu\u00e9 des man\u0153uvres simples et ont \u00e9t\u00e9 initi\u00e9s aux bases de la navigation a\u00e9rienne.<\/p>\n<p>Encourag\u00e9s \u00e0 poser des questions et \u00e0 \u00e9changer, les jeunes ont pu profiter de conversations inspirantes avec leurs pilotes. Ceux-ci leur ont parl\u00e9 de leur parcours, de leurs exp\u00e9riences de vol et de leur passion pour un sport qui allie discipline, pr\u00e9cision et libert\u00e9.<\/p>\n<p>L'objectif de cette journ\u00e9e \u00e9tait de transmettre l'amour du vol et peut-\u00eatre m\u00eame de susciter quelques vocations. L'initiative a \u00e9t\u00e9 salu\u00e9e \u00e0 la fois par les jeunes et par leurs accompagnateurs, qui ont \u00e9t\u00e9 ravis de voir les yeux des participants briller lorsqu'ils ont retrouv\u00e9 la terre ferme.<\/p>\n<p>En fin de journ\u00e9e, les pilotes volontaires se sont retrouv\u00e9s autour d'un repas convivial pour \u00e9changer sur les temps forts de cette belle exp\u00e9rience et r\u00e9fl\u00e9chir ensemble \u00e0 de futures actions pour la jeunesse et l'a\u00e9ronautique. <em>Auteur Paolo Prontera<\/em><\/p>\n<p><em><strong><a href=\"https:\/\/aeroclub.ch\/fr\/der-aecs-im-ueberblick-ressorts\/jugend\/young-eagles\/\">Acc\u00e8s direct au programme YES de l'A\u00e9CS<\/a><\/strong><\/em><\/p>\n<figure><img decoding=\"async\" src=\"https:\/\/aeroclub.ch\/wp-content\/uploads\/2025\/06\/IMG_7970.webp\" sizes=\"auto, (max-width: 800px) 100vw, 800px\" srcset=\"https:\/\/aeroclub.ch\/wp-content\/uploads\/2025\/06\/IMG_7970.webp 800w, https:\/\/aeroclub.ch\/wp-content\/uploads\/2025\/06\/IMG_7970-300x165.webp 300w, https:\/\/aeroclub.ch\/wp-content\/uploads\/2025\/06\/IMG_7970-768x422.webp 768w, https:\/\/aeroclub.ch\/wp-content\/uploads\/2025\/06\/IMG_7970-18x10.webp 18w\" alt=\"\" width=\"800\" height=\"440\" \/><figcaption>La th\u00e9orie fait aussi partie du vol.<\/figcaption><\/figure>","protected":false},"excerpt":{"rendered":"<p>Quelle journ\u00e9e incroyable pour les vols YES (Young Eagles of Switzerland) qui ont quitt\u00e9 le GVM Sion le samedi 17 mai.<\/p>","protected":false},"author":2,"featured_media":23821,"comment_status":"open","ping_status":"open","sticky":false,"template":"","format":"standard","meta":{"footnotes":""},"categories":[31],"tags":[],"class_list":["post-23815","post","type-post","status-publish","format-standard","has-post-thumbnail","hentry","category-jugend"],"_links":{"self":[{"href":"https:\/\/aeroclub.ch\/fr\/wp-json\/wp\/v2\/posts\/23815","targetHints":{"allow":["GET"]}}],"collection":[{"href":"https:\/\/aeroclub.ch\/fr\/wp-json\/wp\/v2\/posts"}],"about":[{"href":"https:\/\/aeroclub.ch\/fr\/wp-json\/wp\/v2\/types\/post"}],"author":[{"embeddable":true,"href":"https:\/\/aeroclub.ch\/fr\/wp-json\/wp\/v2\/users\/2"}],"replies":[{"embeddable":true,"href":"https:\/\/aeroclub.ch\/fr\/wp-json\/wp\/v2\/comments?post=23815"}],"version-history":[{"count":0,"href":"https:\/\/aeroclub.ch\/fr\/wp-json\/wp\/v2\/posts\/23815\/revisions"}],"wp:featuredmedia":[{"embeddable":true,"href":"https:\/\/aeroclub.ch\/fr\/wp-json\/wp\/v2\/media\/23821"}],"wp:attachment":[{"href":"https:\/\/aeroclub.ch\/fr\/wp-json\/wp\/v2\/media?parent=23815"}],"wp:term":[{"taxonomy":"category","embeddable":true,"href":"https:\/\/aeroclub.ch\/fr\/wp-json\/wp\/v2\/categories?post=23815"},{"taxonomy":"post_tag","embeddable":true,"href":"https:\/\/aeroclub.ch\/fr\/wp-json\/wp\/v2\/tags?post=23815"}],"curies":[{"name":"wp","href":"https:\/\/api.w.org\/{rel}","templated":true}]}}