{"id":23570,"date":"2025-05-01T07:39:02","date_gmt":"2025-05-01T05:39:02","guid":{"rendered":"https:\/\/aeroclub.ch\/?p=23570"},"modified":"2025-05-01T07:57:10","modified_gmt":"2025-05-01T05:57:10","slug":"junioren-trumpfen-auf","status":"publish","type":"post","link":"https:\/\/aeroclub.ch\/fr\/junioren-trumpfen-auf\/","title":{"rendered":"Championnats du monde de skydiving en salle : les juniors se distinguent"},"content":{"rendered":"<div data-elementor-type=\"wp-post\" data-elementor-id=\"23570\" class=\"elementor elementor-23570\" data-elementor-post-type=\"post\">\n\t\t\t\t\t\t<section class=\"elementor-section elementor-top-section elementor-element elementor-element-2f7e0c2 elementor-section-boxed elementor-section-height-default elementor-section-height-default\" data-id=\"2f7e0c2\" data-element_type=\"section\" data-e-type=\"section\">\n\t\t\t\t\t\t<div class=\"elementor-container elementor-column-gap-default\">\n\t\t\t\t\t<div class=\"elementor-column elementor-col-100 elementor-top-column elementor-element elementor-element-d181622\" data-id=\"d181622\" data-element_type=\"column\" data-e-type=\"column\">\n\t\t\t<div class=\"elementor-widget-wrap elementor-element-populated\">\n\t\t\t\t\t\t<div class=\"elementor-element elementor-element-1a8559f elementor-widget elementor-widget-text-editor\" data-id=\"1a8559f\" data-element_type=\"widget\" data-e-type=\"widget\" data-widget_type=\"text-editor.default\">\n\t\t\t\t<div class=\"elementor-widget-container\">\n\t\t\t\t\t\t\t\t\t<p data-start=\"0\" data-end=\"535\"><strong>Les 5e Indoor World Championships - Artistic Events se sont achev\u00e9s avec succ\u00e8s et la d\u00e9l\u00e9gation suisse s'y est brillamment pr\u00e9sent\u00e9e. <\/strong><\/p><p data-start=\"0\" data-end=\"535\">Avec un bilan impressionnant de deux podiums et trois autres places dans le top 8, les athl\u00e8tes peuvent \u00eatre fiers de leurs performances.\u00a0<\/p><p data-start=\"537\" data-end=\"1150\">L'A\u00e9ro-Club de Suisse et Swiss Skydive f\u00e9licitent chaleureusement tous les comp\u00e9titeurs et comp\u00e9titrices pour leurs r\u00e9sultats. Leur passion et leur engagement ont permis \u00e0 la Suisse d'obtenir de si bons r\u00e9sultats dans cette comp\u00e9tition internationale exigeante.\u00a0<\/p><p data-start=\"537\" data-end=\"1150\">Un grand merci \u00e9galement aux tuteurs sur le terrain, qui ont jou\u00e9 un r\u00f4le d\u00e9terminant dans l'obtention de ces r\u00e9sultats. Sans leur soutien, leur encadrement et leur expertise, de tels succ\u00e8s n'auraient pas \u00e9t\u00e9 possibles. Ils ont jou\u00e9 un r\u00f4le d\u00e9cisif en permettant \u00e0 nos athl\u00e8tes d'exploiter pleinement leur potentiel.<\/p><p data-start=\"1152\" data-end=\"1573\">Les r\u00e9sultats des juniors sont particuli\u00e8rement r\u00e9jouissants. Ils montrent non seulement que les jeunes g\u00e9n\u00e9rations sont d\u00e9j\u00e0 comp\u00e9titives \u00e0 un tr\u00e8s haut niveau, mais aussi que la Suisse peut envisager un avenir prometteur dans le domaine des Championnats du monde de skydiving en salle. Les performances constantes et l'ambition de ces jeunes talents offrent une perspective pleine d'espoir pour les comp\u00e9titions \u00e0 venir.<\/p><p data-start=\"1575\" data-end=\"1994\">Un autre facteur important qui a rendu ces succ\u00e8s possibles sont les sponsors qui ont soutenu l'\u00e9quipe. Nous tenons \u00e0 remercier Realfly Sion et Windwerk \u00e0 Winterthur. Leur soutien g\u00e9n\u00e9reux et leur engagement ont largement contribu\u00e9 \u00e0 ce que les athl\u00e8tes soient en mesure de se pr\u00e9parer au mieux et de r\u00e9aliser leurs performances au plus haut niveau.<\/p><p data-start=\"1575\" data-end=\"1994\">\u00a0<\/p>\t\t\t\t\t\t\t\t<\/div>\n\t\t\t\t<\/div>\n\t\t\t\t\t<\/div>\n\t\t<\/div>\n\t\t\t\t\t<\/div>\n\t\t<\/section>\n\t\t\t\t<section class=\"elementor-section elementor-top-section elementor-element elementor-element-d68db96 elementor-section-boxed elementor-section-height-default elementor-section-height-default\" data-id=\"d68db96\" data-element_type=\"section\" data-e-type=\"section\">\n\t\t\t\t\t\t<div class=\"elementor-container elementor-column-gap-default\">\n\t\t\t\t\t<div class=\"elementor-column elementor-col-100 elementor-top-column elementor-element elementor-element-f02eda3\" data-id=\"f02eda3\" data-element_type=\"column\" data-e-type=\"column\">\n\t\t\t<div class=\"elementor-widget-wrap elementor-element-populated\">\n\t\t\t\t\t\t<div class=\"elementor-element elementor-element-4d437d9 elementor-widget elementor-widget-image\" data-id=\"4d437d9\" data-element_type=\"widget\" data-e-type=\"widget\" data-widget_type=\"image.default\">\n\t\t\t\t<div class=\"elementor-widget-container\">\n\t\t\t\t\t\t\t\t\t\t\t\t<figure class=\"wp-caption\">\n\t\t\t\t\t\t\t\t\t\t<img decoding=\"async\" width=\"800\" height=\"440\" src=\"https:\/\/aeroclub.ch\/wp-content\/uploads\/2025\/05\/A7C04213.webp\" class=\"attachment-large size-large wp-image-23583\" alt=\"\" srcset=\"https:\/\/aeroclub.ch\/wp-content\/uploads\/2025\/05\/A7C04213.webp 800w, https:\/\/aeroclub.ch\/wp-content\/uploads\/2025\/05\/A7C04213-300x165.webp 300w, https:\/\/aeroclub.ch\/wp-content\/uploads\/2025\/05\/A7C04213-768x422.webp 768w, https:\/\/aeroclub.ch\/wp-content\/uploads\/2025\/05\/A7C04213-18x10.webp 18w\" sizes=\"(max-width: 800px) 100vw, 800px\" \/>\t\t\t\t\t\t\t\t\t\t\t<figcaption class=\"widget-image-caption wp-caption-text\">L'\u00e9quipe suisse \u00e0 Charleroi, Belgique.<\/figcaption>\n\t\t\t\t\t\t\t\t\t\t<\/figure>\n\t\t\t\t\t\t\t\t\t<\/div>\n\t\t\t\t<\/div>\n\t\t\t\t\t<\/div>\n\t\t<\/div>\n\t\t\t\t\t<\/div>\n\t\t<\/section>\n\t\t\t\t<section class=\"elementor-section elementor-top-section elementor-element elementor-element-7f97f93 elementor-section-boxed elementor-section-height-default elementor-section-height-default\" data-id=\"7f97f93\" data-element_type=\"section\" data-e-type=\"section\">\n\t\t\t\t\t\t<div class=\"elementor-container elementor-column-gap-default\">\n\t\t\t\t\t<div class=\"elementor-column elementor-col-100 elementor-top-column elementor-element elementor-element-d177ca4\" data-id=\"d177ca4\" data-element_type=\"column\" data-e-type=\"column\">\n\t\t\t<div class=\"elementor-widget-wrap elementor-element-populated\">\n\t\t\t\t\t\t<div class=\"elementor-element elementor-element-51b59e8 elementor-widget elementor-widget-text-editor\" data-id=\"51b59e8\" data-element_type=\"widget\" data-e-type=\"widget\" data-widget_type=\"text-editor.default\">\n\t\t\t\t<div class=\"elementor-widget-container\">\n\t\t\t\t\t\t\t\t\t<h4>Aper\u00e7u des r\u00e9sultats<\/h4><div><br><\/div>\n<p>Dynamic Flying D2W Junior : 3\u00e8me place - Sina et Robin Huber<\/p>\n<p>Dynamic Flying D4W : 2\u00e8me place - Benjamin Guex, Fabian Ramseyer, Filip Crnjakovic et Olivier Longchamps<\/p>\n<p>Dynamic Flying Solo Speed Junior : 4\u00e8me place - Robin Huber<\/p>\n<p>Dynamic Flying Solo Speed : 11\u00e8me place - Raphael Ramseier<\/p>\n<p>Solo Freestyle : 13e place - Lena M\u00fcller<\/p>\n<p>Solo Freestyle Junior : 6e place - Sina Huber<\/p>\n<p>Formation Skydiving Female 4e place - Airdrops avec April Meyer, Mirjam Lutz, Sandra Hauser, Barbara Gloor<\/p>\n<p>Formation Skydiving Open 11e place - Realfly Fire avec Ambra Vitti, Eric Planelles, J\u00e9r\u00f4me H\u00e9ritier, Jordan Demierre<\/p>\n<p>Ces succ\u00e8s ne sont qu'une partie des excellentes performances r\u00e9alis\u00e9es lors des 5e Championnats du monde en salle. Tous les autres r\u00e9sultats et informations d\u00e9taill\u00e9es peuvent \u00eatre consult\u00e9s sur le lien suivant :<em><strong>&nbsp;<a href=\"https:\/\/results.worldskydiving.org\/FrontEnd\/Competitions\">https:\/\/results.worldskydiving.org\/FrontEnd\/Competitions<\/a><\/strong><\/em><\/p>\n<p><em>Images : Jonathan Hausherr et Ewan Cowie<\/em><\/p>\t\t\t\t\t\t\t\t<\/div>\n\t\t\t\t<\/div>\n\t\t\t\t\t<\/div>\n\t\t<\/div>\n\t\t\t\t\t<\/div>\n\t\t<\/section>\n\t\t\t\t<\/div>","protected":false},"excerpt":{"rendered":"<p>Les 5e Indoor World Championships - Artistic Events se sont achev\u00e9s avec succ\u00e8s et la d\u00e9l\u00e9gation suisse s'y est brillamment pr\u00e9sent\u00e9e.<\/p>","protected":false},"author":2,"featured_media":23580,"comment_status":"open","ping_status":"open","sticky":false,"template":"","format":"standard","meta":{"footnotes":""},"categories":[44,31],"tags":[],"class_list":["post-23570","post","type-post","status-publish","format-standard","has-post-thumbnail","hentry","category-aktuell","category-jugend"],"_links":{"self":[{"href":"https:\/\/aeroclub.ch\/fr\/wp-json\/wp\/v2\/posts\/23570","targetHints":{"allow":["GET"]}}],"collection":[{"href":"https:\/\/aeroclub.ch\/fr\/wp-json\/wp\/v2\/posts"}],"about":[{"href":"https:\/\/aeroclub.ch\/fr\/wp-json\/wp\/v2\/types\/post"}],"author":[{"embeddable":true,"href":"https:\/\/aeroclub.ch\/fr\/wp-json\/wp\/v2\/users\/2"}],"replies":[{"embeddable":true,"href":"https:\/\/aeroclub.ch\/fr\/wp-json\/wp\/v2\/comments?post=23570"}],"version-history":[{"count":0,"href":"https:\/\/aeroclub.ch\/fr\/wp-json\/wp\/v2\/posts\/23570\/revisions"}],"wp:featuredmedia":[{"embeddable":true,"href":"https:\/\/aeroclub.ch\/fr\/wp-json\/wp\/v2\/media\/23580"}],"wp:attachment":[{"href":"https:\/\/aeroclub.ch\/fr\/wp-json\/wp\/v2\/media?parent=23570"}],"wp:term":[{"taxonomy":"category","embeddable":true,"href":"https:\/\/aeroclub.ch\/fr\/wp-json\/wp\/v2\/categories?post=23570"},{"taxonomy":"post_tag","embeddable":true,"href":"https:\/\/aeroclub.ch\/fr\/wp-json\/wp\/v2\/tags?post=23570"}],"curies":[{"name":"wp","href":"https:\/\/api.w.org\/{rel}","templated":true}]}}