{"id":22987,"date":"2025-03-18T10:55:21","date_gmt":"2025-03-18T09:55:21","guid":{"rendered":"https:\/\/aeroclub.ch\/?p=22987"},"modified":"2025-03-18T15:03:13","modified_gmt":"2025-03-18T14:03:13","slug":"skyguide-reduziert-temporaer-kapazitaeten-am-flughafen-zuerich","status":"publish","type":"post","link":"https:\/\/aeroclub.ch\/fr\/skyguide-reduziert-temporaer-kapazitaeten-am-flughafen-zuerich\/","title":{"rendered":"Skyguide r\u00e9duit temporairement ses capacit\u00e9s \u00e0 l'a\u00e9roport de Zurich"},"content":{"rendered":"<div data-elementor-type=\"wp-post\" data-elementor-id=\"22987\" class=\"elementor elementor-22987\" data-elementor-post-type=\"post\">\n\t\t\t\t\t\t<section class=\"elementor-section elementor-top-section elementor-element elementor-element-bd0a8eb elementor-section-boxed elementor-section-height-default elementor-section-height-default\" data-id=\"bd0a8eb\" data-element_type=\"section\" data-e-type=\"section\">\n\t\t\t\t\t\t<div class=\"elementor-container elementor-column-gap-default\">\n\t\t\t\t\t<div class=\"elementor-column elementor-col-100 elementor-top-column elementor-element elementor-element-ff1c3ba\" data-id=\"ff1c3ba\" data-element_type=\"column\" data-e-type=\"column\">\n\t\t\t<div class=\"elementor-widget-wrap elementor-element-populated\">\n\t\t\t\t\t\t<div class=\"elementor-element elementor-element-e0bb413 elementor-widget elementor-widget-text-editor\" data-id=\"e0bb413\" data-element_type=\"widget\" data-e-type=\"widget\" data-widget_type=\"text-editor.default\">\n\t\t\t\t<div class=\"elementor-widget-container\">\n\t\t\t\t\t\t\t\t\t<p><strong>Le 20 mars 2025, une nouvelle structure de l'espace a\u00e9rien mise en place par l'Office f\u00e9d\u00e9ral de l'aviation civile entrera en vigueur \u00e0 l'a\u00e9roport de Zurich. Elle vise \u00e0 minimiser le nombre de violations de l'espace a\u00e9rien et \u00e0 am\u00e9liorer la s\u00e9curit\u00e9. Pendant sa mise en place, Skyguide r\u00e9duira temporairement la capacit\u00e9 d'approche de 20 pour cent, et <a href=\"https:\/\/cloud.hoststar.ch\/s\/Py5KJxYGizpfbiR\">limite l'aviation l\u00e9g\u00e8re.<\/a><\/strong><\/p><p>Afin de permettre l'introduction en toute s\u00e9curit\u00e9 de la nouvelle structure, Skyguide prend des mesures d'all\u00e8gement temporaires : Les services de la navigation a\u00e9rienne r\u00e9duisent la capacit\u00e9 de 20 pour cent pour les approches de tous les concepts d'exploitation pendant probablement quatre semaines. En outre, elle limite temporairement l'aviation l\u00e9g\u00e8re dans les zones proches de l'a\u00e9roport. Sont par exemple concern\u00e9es les activit\u00e9s de vol \u00e0 voile, de vol libre, de parachutisme et de vols sp\u00e9ciaux. Selon skyguide, de telles mesures d'all\u00e8gement sont conformes aux normes internationales pour des modifications aussi importantes du syst\u00e8me de contr\u00f4le a\u00e9rien.<\/p><h4>S'habituer \u00e0 une nouvelle routine de travail<\/h4><p>Skyguide s'efforce de minimiser l'impact de la mesure.<br \/>Gr\u00e2ce aux mesures d'all\u00e8gement, les pilotes ont la possibilit\u00e9 de s'habituer \u00e0 la nouvelle routine de travail. Parall\u00e8lement, les pilotes apprennent \u00e0 naviguer dans les nouvelles conditions. En outre, Skyguide r\u00e9duit ainsi le risque de surcharge du syst\u00e8me.<\/p><h4>Dur\u00e9e d\u00e9pendant de l'acclimatation<\/h4><p>Skyguide est consciente de l'impact de ces restrictions sur les usagers de l'espace a\u00e9rien et sur l'exploitant de l'a\u00e9roport et s'efforce de le r\u00e9duire au minimum. Pour ce faire, elle examine r\u00e9guli\u00e8rement l'\u00e9volution de l'introduction et la mani\u00e8re dont les personnes impliqu\u00e9es s'adaptent aux nouveaux processus et proc\u00e9dures. Skyguide \u00e9value ainsi en permanence dans quelle mesure et pendant combien de temps elle doit maintenir les mesures d'all\u00e8gement.<\/p><p><em>Plus d'informations :<br \/><\/em>S\u00e9minaire sur l'espace a\u00e9rien de l'A\u00e9CS :<br \/><a href=\"https:\/\/www.youtube.com\/watch?v=GupMY7xKQr8\">https:\/\/www.youtube.com\/watch?v=GupMY7xKQr8<\/a><\/p><p><a href=\"https:\/\/aeroclub.ch\/fr\/bazl-neustrukturierung-des-luftraums-flughafen-zuerich-abgeschlossen\/\">https:\/\/aeroclub.ch\/bazl-neustrukturierung-des-luftraums-flughafen-zuerich-abgeschlossen\/<\/a><\/p><p>\u00a0<\/p><p><em>Image : Skyguide<\/em><\/p>\t\t\t\t\t\t\t\t<\/div>\n\t\t\t\t<\/div>\n\t\t\t\t\t<\/div>\n\t\t<\/div>\n\t\t\t\t\t<\/div>\n\t\t<\/section>\n\t\t\t\t<\/div>","protected":false},"excerpt":{"rendered":"<p>Le 20 mars 2025, une nouvelle structure de l'espace a\u00e9rien, con\u00e7ue par l'Office f\u00e9d\u00e9ral de l'aviation civile, entrera en vigueur \u00e0 l'a\u00e9roport de Zurich. Elle se compose de<\/p>","protected":false},"author":2,"featured_media":22986,"comment_status":"open","ping_status":"open","sticky":false,"template":"","format":"standard","meta":{"footnotes":""},"categories":[16],"tags":[],"class_list":["post-22987","post","type-post","status-publish","format-standard","has-post-thumbnail","hentry","category-safety"],"_links":{"self":[{"href":"https:\/\/aeroclub.ch\/fr\/wp-json\/wp\/v2\/posts\/22987","targetHints":{"allow":["GET"]}}],"collection":[{"href":"https:\/\/aeroclub.ch\/fr\/wp-json\/wp\/v2\/posts"}],"about":[{"href":"https:\/\/aeroclub.ch\/fr\/wp-json\/wp\/v2\/types\/post"}],"author":[{"embeddable":true,"href":"https:\/\/aeroclub.ch\/fr\/wp-json\/wp\/v2\/users\/2"}],"replies":[{"embeddable":true,"href":"https:\/\/aeroclub.ch\/fr\/wp-json\/wp\/v2\/comments?post=22987"}],"version-history":[{"count":0,"href":"https:\/\/aeroclub.ch\/fr\/wp-json\/wp\/v2\/posts\/22987\/revisions"}],"wp:featuredmedia":[{"embeddable":true,"href":"https:\/\/aeroclub.ch\/fr\/wp-json\/wp\/v2\/media\/22986"}],"wp:attachment":[{"href":"https:\/\/aeroclub.ch\/fr\/wp-json\/wp\/v2\/media?parent=22987"}],"wp:term":[{"taxonomy":"category","embeddable":true,"href":"https:\/\/aeroclub.ch\/fr\/wp-json\/wp\/v2\/categories?post=22987"},{"taxonomy":"post_tag","embeddable":true,"href":"https:\/\/aeroclub.ch\/fr\/wp-json\/wp\/v2\/tags?post=22987"}],"curies":[{"name":"wp","href":"https:\/\/api.w.org\/{rel}","templated":true}]}}