{"id":22828,"date":"2025-03-11T13:47:56","date_gmt":"2025-03-11T12:47:56","guid":{"rendered":"https:\/\/aeroclub.ch\/?p=22828"},"modified":"2025-03-11T15:23:31","modified_gmt":"2025-03-11T14:23:31","slug":"aecs-jahresbericht-2024-ist-online","status":"publish","type":"post","link":"https:\/\/aeroclub.ch\/fr\/aecs-jahresbericht-2024-ist-online\/","title":{"rendered":"Le rapport annuel 2024 de l'A\u00e9CS est en ligne"},"content":{"rendered":"<p><strong>L'A\u00e9CS a-t-il cl\u00f4tur\u00e9 ses r\u00e9sultats annuels sur un b\u00e9n\u00e9fice ? Qui est le nouveau pr\u00e9sident de la Swiss Microlight Federation ? Quelles ont \u00e9t\u00e9 les activit\u00e9s de l'association r\u00e9gionale de Lausanne ?\u00a0<\/strong><\/p>\n<p>Le rapport annuel 2024, qui doit encore \u00eatre approuv\u00e9 par les d\u00e9l\u00e9gu\u00e9s lors de l'AD du 29 mars \u00e0 l'a\u00e9rodrome de Bleienbach, r\u00e9pond \u00e0 toutes ces questions. Comme le camp de jeunes Pro A\u00e9ro a f\u00eat\u00e9 son 40e anniversaire durant l'\u00e9t\u00e9 2024, la premi\u00e8re partie du rapport a \u00e9t\u00e9 r\u00e9alis\u00e9e principalement \u00e0 partir de photos du camp de jeunes de Karin Gubler.<\/p>\n<p>Dans le rapport annuel, vous trouverez les rapports des chefs de d\u00e9partement et de branche, ainsi que ceux des r\u00e9gions qui ont envoy\u00e9 leur rapport dans les d\u00e9lais.  Dans le chapitre des comptes annuels 2024, vous pouvez vous informer sur la situation financi\u00e8re de la f\u00e9d\u00e9ration et dans les r\u00e9sultats sportifs, vous d\u00e9couvrirez quels sportifs suisses se sont distingu\u00e9s l'ann\u00e9e derni\u00e8re.<\/p>\n<ul>\n<li><a href=\"https:\/\/cloud.hoststar.ch\/s\/TzrMWydGn4dBntz\" target=\"_blank\" rel=\"noopener\"><strong>Rapport annuel 2024 FR<\/strong><\/a><\/li>\n<li><a href=\"https:\/\/cloud.hoststar.ch\/s\/TzrMWydGn4dBntz\" target=\"_blank\" rel=\"noopener\"><strong>Rapport annuel 2024 FR<\/strong><\/a><\/li>\n<\/ul>","protected":false},"excerpt":{"rendered":"<p>L'A\u00e9CS a-t-il cl\u00f4tur\u00e9 ses r\u00e9sultats annuels sur un b\u00e9n\u00e9fice ? Qui est le nouveau pr\u00e9sident de la Swiss Microlight Federation ? Quelles activit\u00e9s ont \u00e9t\u00e9 enregistr\u00e9es<\/p>","protected":false},"author":2,"featured_media":22842,"comment_status":"open","ping_status":"open","sticky":false,"template":"","format":"standard","meta":{"footnotes":""},"categories":[44],"tags":[],"class_list":["post-22828","post","type-post","status-publish","format-standard","has-post-thumbnail","hentry","category-aktuell"],"_links":{"self":[{"href":"https:\/\/aeroclub.ch\/fr\/wp-json\/wp\/v2\/posts\/22828","targetHints":{"allow":["GET"]}}],"collection":[{"href":"https:\/\/aeroclub.ch\/fr\/wp-json\/wp\/v2\/posts"}],"about":[{"href":"https:\/\/aeroclub.ch\/fr\/wp-json\/wp\/v2\/types\/post"}],"author":[{"embeddable":true,"href":"https:\/\/aeroclub.ch\/fr\/wp-json\/wp\/v2\/users\/2"}],"replies":[{"embeddable":true,"href":"https:\/\/aeroclub.ch\/fr\/wp-json\/wp\/v2\/comments?post=22828"}],"version-history":[{"count":0,"href":"https:\/\/aeroclub.ch\/fr\/wp-json\/wp\/v2\/posts\/22828\/revisions"}],"wp:featuredmedia":[{"embeddable":true,"href":"https:\/\/aeroclub.ch\/fr\/wp-json\/wp\/v2\/media\/22842"}],"wp:attachment":[{"href":"https:\/\/aeroclub.ch\/fr\/wp-json\/wp\/v2\/media?parent=22828"}],"wp:term":[{"taxonomy":"category","embeddable":true,"href":"https:\/\/aeroclub.ch\/fr\/wp-json\/wp\/v2\/categories?post=22828"},{"taxonomy":"post_tag","embeddable":true,"href":"https:\/\/aeroclub.ch\/fr\/wp-json\/wp\/v2\/tags?post=22828"}],"curies":[{"name":"wp","href":"https:\/\/api.w.org\/{rel}","templated":true}]}}