{"id":22716,"date":"2025-03-06T13:21:17","date_gmt":"2025-03-06T12:21:17","guid":{"rendered":"https:\/\/aeroclub.ch\/?p=22716"},"modified":"2025-03-12T13:32:42","modified_gmt":"2025-03-12T12:32:42","slug":"bazl-neustrukturierung-des-luftraums-flughafen-zuerich-abgeschlossen","status":"publish","type":"post","link":"https:\/\/aeroclub.ch\/fr\/bazl-neustrukturierung-des-luftraums-flughafen-zuerich-abgeschlossen\/","title":{"rendered":"OFAC : la restructuration de l'espace a\u00e9rien de l'a\u00e9roport de Zurich est termin\u00e9e"},"content":{"rendered":"<div data-elementor-type=\"wp-post\" data-elementor-id=\"22716\" class=\"elementor elementor-22716\" data-elementor-post-type=\"post\">\n\t\t\t\t\t\t<section class=\"elementor-section elementor-top-section elementor-element elementor-element-11137ca elementor-section-boxed elementor-section-height-default elementor-section-height-default\" data-id=\"11137ca\" data-element_type=\"section\" data-e-type=\"section\">\n\t\t\t\t\t\t<div class=\"elementor-container elementor-column-gap-default\">\n\t\t\t\t\t<div class=\"elementor-column elementor-col-100 elementor-top-column elementor-element elementor-element-1a5d5bf\" data-id=\"1a5d5bf\" data-element_type=\"column\" data-e-type=\"column\">\n\t\t\t<div class=\"elementor-widget-wrap elementor-element-populated\">\n\t\t\t\t\t\t<div class=\"elementor-element elementor-element-a150712 elementor-widget elementor-widget-text-editor\" data-id=\"a150712\" data-element_type=\"widget\" data-e-type=\"widget\" data-widget_type=\"text-editor.default\">\n\t\t\t\t<div class=\"elementor-widget-container\">\n\t\t\t\t\t\t\t\t\t<p><strong>L'Office f\u00e9d\u00e9ral de l'aviation civile (OFAC) a r\u00e9organis\u00e9 la structure de l'espace a\u00e9rien autour de l'a\u00e9roport de Zurich avec la participation des principaux acteurs concern\u00e9s. Le trafic r\u00e9gulier devrait ainsi \u00eatre encore plus s\u00fbr.\u00a0<\/strong><\/p><p>En f\u00e9vrier 2013, l'OFAC a publi\u00e9 une<a href=\"https:\/\/www.admin.ch\/gov\/de\/start\/dokumentation\/medienmitteilungen.msg-id-47862.html\" target=\"_blank\" rel=\"noopener\"> Rapport de s\u00e9curit\u00e9 sur l'a\u00e9roport de Zurich,<\/a> Ce rapport a mis en \u00e9vidence divers risques, tant au sol que dans l'espace a\u00e9rien.<\/p><p>En 2018, l'Office f\u00e9d\u00e9ral de l'aviation civile (OFAC) a donc lanc\u00e9, \u00e0 la demande du DETEC, le projet <a href=\"https:\/\/www.bazl.admin.ch\/bazl\/de\/home\/themen\/bazl_vorstellung\/medien\/Medienmitteilungen.msg-id-104387.html\" target=\"_blank\" rel=\"noopener\">\"Redesign de l'espace a\u00e9rien de Zurich\"<\/a>. L'objectif de l'OFAC : moins de violations de l'espace a\u00e9rien et globalement plus de s\u00e9curit\u00e9.<\/p><p>L'a\u00e9roport de Zurich AG, Skyguide, Swiss, la Military Aviation Authority (MAA), la Luftwaffe, les services allemands de la navigation a\u00e9rienne (DFS), le minist\u00e8re f\u00e9d\u00e9ral allemand des Transports ainsi que l'A\u00e9CS ont particip\u00e9 au projet.\u00a0<\/p><p>Gr\u00e2ce \u00e0 la collaboration engag\u00e9e du responsable de l'espace a\u00e9rien de l'A\u00e9CS, de l'AOPA et de la F\u00e9d\u00e9ration de vol \u00e0 voile, il a finalement \u00e9t\u00e9 possible de parvenir \u00e0 un compromis qui ne satisfait certes pas toutes les exigences des associations et f\u00e9d\u00e9rations concern\u00e9es au niveau r\u00e9gional, mais qui pr\u00e9sente des am\u00e9liorations substantielles par rapport aux premi\u00e8res \u00e9bauches du redesign.\u00a0<\/p><p>Lors de nos prochaines<a href=\"https:\/\/aeroclub.ch\/fr\/luftraumseminare-2025\/\"> Webinaires sur l'espace a\u00e9rien<\/a> nous aborderons en d\u00e9tail les adaptations du redesign TMA Zurich.\u00a0\u00a0<\/p><p><a href=\"https:\/\/www.skybriefing.com\/documents\/10156\/484324\/LS_Circ_2025_B_001_en.pdf\/24462b4c-7954-fa93-4de4-abb007a71f4e?t=1741160240404\" target=\"_blank\" rel=\"noopener\">Skyguide : AIC 001\/2025B<\/a><\/p>\t\t\t\t\t\t\t\t<\/div>\n\t\t\t\t<\/div>\n\t\t\t\t\t<\/div>\n\t\t<\/div>\n\t\t\t\t\t<\/div>\n\t\t<\/section>\n\t\t\t\t<section class=\"elementor-section elementor-top-section elementor-element elementor-element-8836314 elementor-section-boxed elementor-section-height-default elementor-section-height-default\" data-id=\"8836314\" data-element_type=\"section\" data-e-type=\"section\">\n\t\t\t\t\t\t<div class=\"elementor-container elementor-column-gap-default\">\n\t\t\t\t\t<div class=\"elementor-column elementor-col-100 elementor-top-column elementor-element elementor-element-bbbda57\" data-id=\"bbbda57\" data-element_type=\"column\" data-e-type=\"column\">\n\t\t\t<div class=\"elementor-widget-wrap elementor-element-populated\">\n\t\t\t\t\t\t<div class=\"elementor-element elementor-element-84d9443 elementor-widget elementor-widget-image\" data-id=\"84d9443\" data-element_type=\"widget\" data-e-type=\"widget\" data-widget_type=\"image.default\">\n\t\t\t\t<div class=\"elementor-widget-container\">\n\t\t\t\t\t\t\t\t\t\t\t\t<figure class=\"wp-caption\">\n\t\t\t\t\t\t\t\t\t\t<img decoding=\"async\" width=\"768\" height=\"518\" src=\"https:\/\/aeroclub.ch\/wp-content\/uploads\/2025\/03\/Bildschirmfoto-2025-03-07-um-09.30.28-768x518.webp\" class=\"attachment-medium_large size-medium_large wp-image-22744\" alt=\"\" srcset=\"https:\/\/aeroclub.ch\/wp-content\/uploads\/2025\/03\/Bildschirmfoto-2025-03-07-um-09.30.28-768x518.webp 768w, https:\/\/aeroclub.ch\/wp-content\/uploads\/2025\/03\/Bildschirmfoto-2025-03-07-um-09.30.28-300x203.webp 300w, https:\/\/aeroclub.ch\/wp-content\/uploads\/2025\/03\/Bildschirmfoto-2025-03-07-um-09.30.28-18x12.webp 18w, https:\/\/aeroclub.ch\/wp-content\/uploads\/2025\/03\/Bildschirmfoto-2025-03-07-um-09.30.28.webp 800w\" sizes=\"(max-width: 768px) 100vw, 768px\" \/>\t\t\t\t\t\t\t\t\t\t\t<figcaption class=\"widget-image-caption wp-caption-text\"><\/figcaption>\n\t\t\t\t\t\t\t\t\t\t<\/figure>\n\t\t\t\t\t\t\t\t\t<\/div>\n\t\t\t\t<\/div>\n\t\t\t\t\t<\/div>\n\t\t<\/div>\n\t\t\t\t\t<\/div>\n\t\t<\/section>\n\t\t\t\t<\/div>","protected":false},"excerpt":{"rendered":"<p>L'Office f\u00e9d\u00e9ral de l'aviation civile (OFAC) a r\u00e9organis\u00e9 la structure de l'espace a\u00e9rien autour de l'a\u00e9roport de Zurich avec la participation des principales parties prenantes.<\/p>","protected":false},"author":2,"featured_media":22734,"comment_status":"open","ping_status":"open","sticky":false,"template":"","format":"standard","meta":{"footnotes":""},"categories":[44],"tags":[],"class_list":["post-22716","post","type-post","status-publish","format-standard","has-post-thumbnail","hentry","category-aktuell"],"_links":{"self":[{"href":"https:\/\/aeroclub.ch\/fr\/wp-json\/wp\/v2\/posts\/22716","targetHints":{"allow":["GET"]}}],"collection":[{"href":"https:\/\/aeroclub.ch\/fr\/wp-json\/wp\/v2\/posts"}],"about":[{"href":"https:\/\/aeroclub.ch\/fr\/wp-json\/wp\/v2\/types\/post"}],"author":[{"embeddable":true,"href":"https:\/\/aeroclub.ch\/fr\/wp-json\/wp\/v2\/users\/2"}],"replies":[{"embeddable":true,"href":"https:\/\/aeroclub.ch\/fr\/wp-json\/wp\/v2\/comments?post=22716"}],"version-history":[{"count":0,"href":"https:\/\/aeroclub.ch\/fr\/wp-json\/wp\/v2\/posts\/22716\/revisions"}],"wp:featuredmedia":[{"embeddable":true,"href":"https:\/\/aeroclub.ch\/fr\/wp-json\/wp\/v2\/media\/22734"}],"wp:attachment":[{"href":"https:\/\/aeroclub.ch\/fr\/wp-json\/wp\/v2\/media?parent=22716"}],"wp:term":[{"taxonomy":"category","embeddable":true,"href":"https:\/\/aeroclub.ch\/fr\/wp-json\/wp\/v2\/categories?post=22716"},{"taxonomy":"post_tag","embeddable":true,"href":"https:\/\/aeroclub.ch\/fr\/wp-json\/wp\/v2\/tags?post=22716"}],"curies":[{"name":"wp","href":"https:\/\/api.w.org\/{rel}","templated":true}]}}