{"id":21886,"date":"2024-12-11T09:00:34","date_gmt":"2024-12-11T07:00:34","guid":{"rendered":"https:\/\/www.aeroclub.ch\/?p=17196"},"modified":"2024-12-12T13:26:59","modified_gmt":"2024-12-12T12:26:59","slug":"kaegiswil-flugbetrieb-bis-september-2025-gesichert","status":"publish","type":"post","link":"https:\/\/aeroclub.ch\/fr\/kaegiswil-flugbetrieb-bis-september-2025-gesichert\/","title":{"rendered":"K\u00e4giswil : service a\u00e9rien assur\u00e9 jusqu'en septembre 2025"},"content":{"rendered":"<p><strong>La coop\u00e9rative de l'a\u00e9rodrome d'Obwald FGOW et armasuisse ont conclu un contrat de droit de superficie limit\u00e9 \u00e0 fin septembre 2025. Les op\u00e9rations a\u00e9riennes \u00e0 K\u00e4giswil sont ainsi assur\u00e9es \u00e0 court terme. La FGOW continue toutefois de viser une garantie \u00e0 long terme de l'aviation \u00e0 voilure fixe \u00e0 K\u00e4giswil.<\/strong><\/p>\n<p>A la mi-d\u00e9cembre 2024, l'actuel contrat de droit de superficie entre FGOW et armasuisse aurait expir\u00e9. Avec la prolongation du contrat de droit de superficie jusqu'\u00e0 fin septembre 2025, l'exploitation des vols de surface est assur\u00e9e jusqu'\u00e0 cette date.<\/p>\n<p>Pour le <strong><a href=\"https:\/\/cloud.hoststar.ch\/s\/frAL8i73tAyYrj4\" target=\"_blank\" rel=\"noopener\">A\u00e9rodrome de K\u00e4giswil<\/a> <\/strong>le Conseil f\u00e9d\u00e9ral avait fix\u00e9 en 2020 dans le Plan sectoriel de l'infrastructure a\u00e9ronautique PSIA que l'ancien a\u00e9rodrome militaire devait \u00eatre transform\u00e9 en terrain d'aviation civil. En raison de l'opposition des propri\u00e9taires fonciers, cette reconversion n'a pas pu \u00eatre r\u00e9alis\u00e9e jusqu'\u00e0 pr\u00e9sent.<\/p>\n<p>En mai 2024, le Grand Conseil d'Obwald avait charg\u00e9 le Conseil d'\u00c9tat de permettre une utilisation civilo-aviaire des h\u00e9licopt\u00e8res \u00e0 K\u00e4giswil en modifiant le plan directeur cantonal. Cela n\u00e9cessiterait \u00e9galement une adaptation de la fiche d'objet existante du PSIA.<\/p>\n<p class=\"Text11\">En raison de l'\u00e9volution de la situation, les services f\u00e9d\u00e9raux OFAC et armasuisse se sont mis d'accord avec le canton d'Obwald pour lancer un nouveau processus de planification. L'objectif est d'harmoniser les diff\u00e9rents besoins territoriaux et de pr\u00e9parer une \u00e9ventuelle adaptation du PSIA. Ce processus de planification devrait d\u00e9buter au printemps 2025.<\/p>\n<p><a href=\"https:\/\/cloud.hoststar.ch\/s\/TD465QKoWXNwbTH\" target=\"_blank\" rel=\"noopener\"><strong>Communiqu\u00e9 de presse armasuisse<\/strong><\/a><\/p>\n<p class=\"Text11\"><b>\u00a0<\/b><\/p>","protected":false},"excerpt":{"rendered":"<p>La coop\u00e9rative de l'a\u00e9rodrome d'Obwald FGOW et armasuisse ont conclu un contrat de droit de superficie limit\u00e9 \u00e0 fin septembre 2025. Ainsi, les op\u00e9rations a\u00e9riennes \u00e0<\/p>","protected":false},"author":2,"featured_media":21887,"comment_status":"closed","ping_status":"open","sticky":false,"template":"","format":"standard","meta":{"footnotes":""},"categories":[44],"tags":[],"class_list":["post-21886","post","type-post","status-publish","format-standard","has-post-thumbnail","hentry","category-aktuell"],"_links":{"self":[{"href":"https:\/\/aeroclub.ch\/fr\/wp-json\/wp\/v2\/posts\/21886","targetHints":{"allow":["GET"]}}],"collection":[{"href":"https:\/\/aeroclub.ch\/fr\/wp-json\/wp\/v2\/posts"}],"about":[{"href":"https:\/\/aeroclub.ch\/fr\/wp-json\/wp\/v2\/types\/post"}],"author":[{"embeddable":true,"href":"https:\/\/aeroclub.ch\/fr\/wp-json\/wp\/v2\/users\/2"}],"replies":[{"embeddable":true,"href":"https:\/\/aeroclub.ch\/fr\/wp-json\/wp\/v2\/comments?post=21886"}],"version-history":[{"count":0,"href":"https:\/\/aeroclub.ch\/fr\/wp-json\/wp\/v2\/posts\/21886\/revisions"}],"wp:featuredmedia":[{"embeddable":true,"href":"https:\/\/aeroclub.ch\/fr\/wp-json\/wp\/v2\/media\/21887"}],"wp:attachment":[{"href":"https:\/\/aeroclub.ch\/fr\/wp-json\/wp\/v2\/media?parent=21886"}],"wp:term":[{"taxonomy":"category","embeddable":true,"href":"https:\/\/aeroclub.ch\/fr\/wp-json\/wp\/v2\/categories?post=21886"},{"taxonomy":"post_tag","embeddable":true,"href":"https:\/\/aeroclub.ch\/fr\/wp-json\/wp\/v2\/tags?post=21886"}],"curies":[{"name":"wp","href":"https:\/\/api.w.org\/{rel}","templated":true}]}}