{"id":213,"date":"2024-08-08T13:28:53","date_gmt":"2024-08-08T11:28:53","guid":{"rendered":"https:\/\/bogehiwo.cyon.site\/?p=213"},"modified":"2025-01-21T10:06:42","modified_gmt":"2025-01-21T09:06:42","slug":"leuchtende-augen-am-pro-aero-jula-im-engadin","status":"publish","type":"post","link":"https:\/\/aeroclub.ch\/fr\/leuchtende-augen-am-pro-aero-jula-im-engadin\/","title":{"rendered":"Des yeux brillants au Pro Aero JULA en Engadine"},"content":{"rendered":"<div data-elementor-type=\"wp-post\" data-elementor-id=\"213\" class=\"elementor elementor-213\" data-elementor-post-type=\"post\">\n\t\t\t\t\t\t<section class=\"elementor-section elementor-top-section elementor-element elementor-element-5f7fee5 elementor-section-boxed elementor-section-height-default elementor-section-height-default\" data-id=\"5f7fee5\" data-element_type=\"section\" data-e-type=\"section\">\n\t\t\t\t\t\t<div class=\"elementor-container elementor-column-gap-default\">\n\t\t\t\t\t<div class=\"elementor-column elementor-col-100 elementor-top-column elementor-element elementor-element-5833b30\" data-id=\"5833b30\" data-element_type=\"column\" data-e-type=\"column\">\n\t\t\t<div class=\"elementor-widget-wrap elementor-element-populated\">\n\t\t\t\t\t\t<div class=\"elementor-element elementor-element-dd66c12 elementor-widget elementor-widget-text-editor\" data-id=\"dd66c12\" data-element_type=\"widget\" data-e-type=\"widget\" data-widget_type=\"text-editor.default\">\n\t\t\t\t<div class=\"elementor-widget-container\">\n\t\t\t\t\t\t\t\t\t<p><strong>Des visages enthousiastes, des yeux brillants et un ciel immacul\u00e9 au-dessus de l'Engadine : le 40e camp de jeunes Pro Aero (JULA) a pu f\u00eater une journ\u00e9e de visite de tous les superlatifs sur l'a\u00e9rodrome de Samedan le mardi 30 juin.<\/strong><\/p><p>165 enfants et adolescents, dont 20 filles, passent actuellement une semaine d'aviation en Engadine. Au camp de troupe de S-chanf, on construit des mod\u00e8les r\u00e9duits de planeurs, des montgolfi\u00e8res, des boomerangs, des fus\u00e9es et des cerfs-volants. Le soir, il y a toutes sortes de conf\u00e9rences et le sport est \u00e9galement \u00e0 l'honneur pendant la semaine de camp. Une \u00e9quipe de 40 moniteurs, sous la direction du chef de camp Marc Robert, assure le programme et la (tr\u00e8s bonne) nourriture de tous les participants au camp.<br \/>Mardi, la traditionnelle journ\u00e9e de visite a pu se d\u00e9rouler sous un ciel bleu radieux \u00e0 l'a\u00e9rodrome de Samedan. D'une part, les participants au camp d\u00e9couvrent toute la palette de l'aviation l\u00e9g\u00e8re \u00e0 diff\u00e9rentes stations, et d'autre part, les visiteurs issus des cercles de l'a\u00e9ro-club et de la Fondation Pro A\u00e9ro, qui soutient financi\u00e8rement les camps de mani\u00e8re d\u00e9terminante depuis 1983, peuvent s'informer sur le JULA actuel.<br \/>Les participants et les visiteurs ont v\u00e9cu une journ\u00e9e inoubliable \u00e0 l'a\u00e9roport de l'Engadine. Cela a \u00e9t\u00e9 rendu possible d'une part par l'a\u00e9rodrome de Samedan lui-m\u00eame, qui accueille le JULA depuis des d\u00e9cennies de mani\u00e8re simple et serviable. D'autre part, les Forces a\u00e9riennes suisses, soutenues par Heli Bernina, ont assur\u00e9 un programme de tous les superlatifs, avec cette fois-ci, en plus du Super Puma, une d\u00e9monstration exclusive du PC-7 Team. Les d\u00e9monstrations a\u00e9riennes se sont termin\u00e9es par deux pilotes professionnels d'a\u00e9romod\u00e9lisme avec leurs grands mod\u00e8les des Forces a\u00e9riennes suisses. D<br \/>Le prochain num\u00e9ro de l'AeroRevue consacrera un reportage plus important \u00e0 l'\u00e9v\u00e9nement.\u00a0<a href=\"https:\/\/www.jula-proaero.ch\/\" target=\"_blank\" rel=\"noopener\">40e Pro Aero JULA<\/a>\u00a0voici quelques impressions de l'Engadine.<\/p>\t\t\t\t\t\t\t\t<\/div>\n\t\t\t\t<\/div>\n\t\t\t\t\t<\/div>\n\t\t<\/div>\n\t\t\t\t\t<\/div>\n\t\t<\/section>\n\t\t\t\t<section class=\"elementor-section elementor-top-section elementor-element elementor-element-a551ee9 elementor-section-boxed elementor-section-height-default elementor-section-height-default\" data-id=\"a551ee9\" data-element_type=\"section\" data-e-type=\"section\">\n\t\t\t\t\t\t<div class=\"elementor-container elementor-column-gap-default\">\n\t\t\t\t\t<div class=\"elementor-column elementor-col-100 elementor-top-column elementor-element elementor-element-1fabae6\" data-id=\"1fabae6\" data-element_type=\"column\" data-e-type=\"column\">\n\t\t\t<div class=\"elementor-widget-wrap elementor-element-populated\">\n\t\t\t\t\t\t<div class=\"elementor-element elementor-element-3f13410 elementor-widget elementor-widget-video\" data-id=\"3f13410\" data-element_type=\"widget\" data-e-type=\"widget\" data-settings=\"{&quot;youtube_url&quot;:&quot;https:\\\/\\\/www.youtube.com\\\/watch?v=Yy3MwiOPuBA&quot;,&quot;video_type&quot;:&quot;youtube&quot;,&quot;controls&quot;:&quot;yes&quot;}\" data-widget_type=\"video.default\">\n\t\t\t\t<div class=\"elementor-widget-container\">\n\t\t\t\t\t\t\t<div class=\"elementor-wrapper elementor-open-inline\">\n\t\t\t<div class=\"elementor-video\"><\/div>\t\t<\/div>\n\t\t\t\t\t\t<\/div>\n\t\t\t\t<\/div>\n\t\t\t\t\t<\/div>\n\t\t<\/div>\n\t\t\t\t\t<\/div>\n\t\t<\/section>\n\t\t\t\t<\/div>","protected":false},"excerpt":{"rendered":"<p>Des visages enthousiastes, des yeux brillants et un ciel immacul\u00e9 au-dessus de l'Engadine : le 40e camp de jeunes Pro Aero (JULA) a pu \u00eatre organis\u00e9 sur le<\/p>","protected":false},"author":2,"featured_media":21204,"comment_status":"open","ping_status":"open","sticky":false,"template":"","format":"standard","meta":{"footnotes":""},"categories":[31],"tags":[],"class_list":["post-213","post","type-post","status-publish","format-standard","has-post-thumbnail","hentry","category-jugend"],"_links":{"self":[{"href":"https:\/\/aeroclub.ch\/fr\/wp-json\/wp\/v2\/posts\/213","targetHints":{"allow":["GET"]}}],"collection":[{"href":"https:\/\/aeroclub.ch\/fr\/wp-json\/wp\/v2\/posts"}],"about":[{"href":"https:\/\/aeroclub.ch\/fr\/wp-json\/wp\/v2\/types\/post"}],"author":[{"embeddable":true,"href":"https:\/\/aeroclub.ch\/fr\/wp-json\/wp\/v2\/users\/2"}],"replies":[{"embeddable":true,"href":"https:\/\/aeroclub.ch\/fr\/wp-json\/wp\/v2\/comments?post=213"}],"version-history":[{"count":0,"href":"https:\/\/aeroclub.ch\/fr\/wp-json\/wp\/v2\/posts\/213\/revisions"}],"wp:featuredmedia":[{"embeddable":true,"href":"https:\/\/aeroclub.ch\/fr\/wp-json\/wp\/v2\/media\/21204"}],"wp:attachment":[{"href":"https:\/\/aeroclub.ch\/fr\/wp-json\/wp\/v2\/media?parent=213"}],"wp:term":[{"taxonomy":"category","embeddable":true,"href":"https:\/\/aeroclub.ch\/fr\/wp-json\/wp\/v2\/categories?post=213"},{"taxonomy":"post_tag","embeddable":true,"href":"https:\/\/aeroclub.ch\/fr\/wp-json\/wp\/v2\/tags?post=213"}],"curies":[{"name":"wp","href":"https:\/\/api.w.org\/{rel}","templated":true}]}}