{"id":16786,"date":"2024-10-11T10:01:32","date_gmt":"2024-10-11T08:01:32","guid":{"rendered":"https:\/\/www.aeroclub.ch\/?p=16786"},"modified":"2025-01-21T10:05:55","modified_gmt":"2025-01-21T09:05:55","slug":"51-alpine-heissluftballonwoche-flims","status":"publish","type":"post","link":"https:\/\/aeroclub.ch\/fr\/51-alpine-heissluftballonwoche-flims\/","title":{"rendered":"51e Semaine alpine de la montgolfi\u00e8re \u00e0 Flims"},"content":{"rendered":"<p><strong>Du samedi 28 septembre au dimanche 6 octobre 2024, 17 \u00e9quipes de montgolfi\u00e8res venues de Suisse, du Luxembourg et d'Allemagne se sont retrouv\u00e9es \u00e0 Flims pour la 51e Semaine internationale alpine de la montgolfi\u00e8re.\u00a0 <\/strong><strong>Pendant 5 jours, la pluie et le vent fort ont emp\u00each\u00e9 tout d\u00e9collage. Le dernier jour, les \u00e9quipes de montgolfi\u00e8res ont \u00e9t\u00e9 r\u00e9compens\u00e9es de leur patience par un long voyage en Engadine.<\/strong><\/p>\n<p>Contrairement \u00e0 l'ann\u00e9e derni\u00e8re, les participants \u00e0 la 51e semaine de la montgolfi\u00e8re \u00e0 Flims ont souvent d\u00fb attendre pour pouvoir d\u00e9coller. Les conditions m\u00e9t\u00e9orologiques n'ont permis que deux vols le matin et quatre vols le soir.<\/p>\n<p>Le premier vol, le dimanche 29 septembre, a permis de monter \u00e0 4500 m\u00e8tres d'altitude afin d'admirer les Alpes suisses d'est en ouest. En raison de la faible vitesse du vent en altitude et du vent frais pr\u00e8s du sol, les vols se sont termin\u00e9s pour la plupart des \u00e9quipes dans la r\u00e9gion de Coire - Lenzerheide avec des atterrissages difficiles.<\/p>\n<p>Le vol en montgolfi\u00e8re du dimanche matin du deuxi\u00e8me week-end a \u00e9t\u00e9 le point fort absolu de la semaine. Les \u00e9quipes de montgolfi\u00e8res ont d\u00e9coll\u00e9 de Flims sous un ciel bleu acier et se sont laiss\u00e9es porter par des vents de 30 \u00e0 40 km\/h jusqu'\u00e0 3000-3500 m\u00e8tres en Engadine. La direction pouvait \u00eatre parfaitement contr\u00f4l\u00e9e par le choix de l'altitude, les vitesses de vent \u00e9taient mod\u00e9r\u00e9es, ce qui permettait de se consacrer \u00e0 la vue magnifique des sommets fra\u00eechement enneig\u00e9s qui d\u00e9filaient et des vall\u00e9es encore vertes. Apr\u00e8s l'accueil chaleureux de Samedan Information, la descente en Engadine a \u00e9galement \u00e9t\u00e9 facile. Apr\u00e8s avoir r\u00e9duit l'altitude, la vitesse a pu \u00eatre diminu\u00e9e doucement et le terrain d'atterrissage a pu \u00eatre vis\u00e9 pratiquement \u00e0 la verticale en dessous de 2500 m\u00e8tres. Tous les \u00e9quipages ont atterri confortablement \u00e0 proximit\u00e9 de l'a\u00e9rodrome de Samedan.<\/p>\n<p>Le mercredi apr\u00e8s-midi, les enfants ont \u00e9t\u00e9 g\u00e2t\u00e9s par de nombreuses attractions et ont \u00e9t\u00e9 chaleureusement accueillis par deux maquettes de montgolfi\u00e8res. Les enfants ont pu s'\u00e9battre \u00e0 leur guise dans l'enveloppe gonfl\u00e9e de la montgolfi\u00e8re d\u00e9saffect\u00e9e de Flims, ou s'amuser \u00e0 de nombreux jeux d'adresse ou concours.<\/p>\n<p>Le club de montgolfi\u00e8res de Flims pr\u00e9voit d'organiser la prochaine semaine de montgolfi\u00e8res de Flims \u00e0 la m\u00eame p\u00e9riode en 2025. Les pilotes ou les personnes int\u00e9ress\u00e9es par une formation en montgolfi\u00e8res sont invit\u00e9s \u00e0 s'adresser au comit\u00e9 directeur. <strong>pd\/images : Daniel Ammann, Daniel Ganz\u00a0<\/strong><\/p>\n<p><a href=\"https:\/\/aeroclub.ch\/wp-content\/uploads\/2024\/10\/Ballonwoche_AMMANN_20241003-13-scaled-1.jpg\"><img decoding=\"async\" class=\"alignnone wp-image-16791 size-large\" src=\"https:\/\/www.aeroclub.ch\/wp-content\/uploads\/2024\/10\/Ballonwoche_AMMANN_20241003-13-1024x683.jpg\" alt=\"\" width=\"800\" height=\"534\" \/><\/a><\/p>\n<p><a href=\"https:\/\/aeroclub.ch\/wp-content\/uploads\/2024\/10\/IMG_9548.jpeg\"><img decoding=\"async\" class=\"alignnone wp-image-16788 size-large\" src=\"https:\/\/aeroclub.ch\/wp-content\/uploads\/2024\/10\/IMG_9548-1024x768.jpeg\" alt=\"\" width=\"800\" height=\"600\" srcset=\"https:\/\/aeroclub.ch\/wp-content\/uploads\/2024\/10\/IMG_9548-1024x768.jpeg 1024w, https:\/\/aeroclub.ch\/wp-content\/uploads\/2024\/10\/IMG_9548-300x225.jpeg 300w, https:\/\/aeroclub.ch\/wp-content\/uploads\/2024\/10\/IMG_9548-768x576.jpeg 768w, https:\/\/aeroclub.ch\/wp-content\/uploads\/2024\/10\/IMG_9548-1536x1152.jpeg 1536w, https:\/\/aeroclub.ch\/wp-content\/uploads\/2024\/10\/IMG_9548-16x12.jpeg 16w, https:\/\/aeroclub.ch\/wp-content\/uploads\/2024\/10\/IMG_9548.jpeg 2048w\" sizes=\"(max-width: 800px) 100vw, 800px\" \/><\/a><\/p>","protected":false},"excerpt":{"rendered":"<p>Du samedi 28 septembre au dimanche 6 octobre 2024, 17 \u00e9quipes de montgolfi\u00e8res venues de Suisse, du Luxembourg et d'Allemagne se sont retrouv\u00e9es \u00e0 Flims pour la 51e Semaine internationale alpine de la montgolfi\u00e8re.<\/p>","protected":false},"author":2,"featured_media":16794,"comment_status":"closed","ping_status":"open","sticky":false,"template":"","format":"standard","meta":{"footnotes":""},"categories":[44],"tags":[],"class_list":["post-16786","post","type-post","status-publish","format-standard","has-post-thumbnail","hentry","category-aktuell"],"_links":{"self":[{"href":"https:\/\/aeroclub.ch\/fr\/wp-json\/wp\/v2\/posts\/16786","targetHints":{"allow":["GET"]}}],"collection":[{"href":"https:\/\/aeroclub.ch\/fr\/wp-json\/wp\/v2\/posts"}],"about":[{"href":"https:\/\/aeroclub.ch\/fr\/wp-json\/wp\/v2\/types\/post"}],"author":[{"embeddable":true,"href":"https:\/\/aeroclub.ch\/fr\/wp-json\/wp\/v2\/users\/2"}],"replies":[{"embeddable":true,"href":"https:\/\/aeroclub.ch\/fr\/wp-json\/wp\/v2\/comments?post=16786"}],"version-history":[{"count":0,"href":"https:\/\/aeroclub.ch\/fr\/wp-json\/wp\/v2\/posts\/16786\/revisions"}],"wp:featuredmedia":[{"embeddable":true,"href":"https:\/\/aeroclub.ch\/fr\/wp-json\/wp\/v2\/media\/16794"}],"wp:attachment":[{"href":"https:\/\/aeroclub.ch\/fr\/wp-json\/wp\/v2\/media?parent=16786"}],"wp:term":[{"taxonomy":"category","embeddable":true,"href":"https:\/\/aeroclub.ch\/fr\/wp-json\/wp\/v2\/categories?post=16786"},{"taxonomy":"post_tag","embeddable":true,"href":"https:\/\/aeroclub.ch\/fr\/wp-json\/wp\/v2\/tags?post=16786"}],"curies":[{"name":"wp","href":"https:\/\/api.w.org\/{rel}","templated":true}]}}