{"id":1396,"date":"2024-09-19T08:37:10","date_gmt":"2024-09-19T06:37:10","guid":{"rendered":"https:\/\/bogehiwo.cyon.site\/?p=1396"},"modified":"2025-01-21T10:06:12","modified_gmt":"2025-01-21T09:06:12","slug":"elementor-1396","status":"publish","type":"post","link":"https:\/\/aeroclub.ch\/fr\/elementor-1396\/","title":{"rendered":"Gordon Bennett 2024 : l'\u00e9quipe SUI-1 devient vice-championne du monde"},"content":{"rendered":"<div data-elementor-type=\"wp-post\" data-elementor-id=\"1396\" class=\"elementor elementor-1396\" data-elementor-post-type=\"post\">\n\t\t\t\t\t\t<section class=\"elementor-section elementor-top-section elementor-element elementor-element-48ea5ce elementor-section-boxed elementor-section-height-default elementor-section-height-default\" data-id=\"48ea5ce\" data-element_type=\"section\" data-e-type=\"section\">\n\t\t\t\t\t\t<div class=\"elementor-container elementor-column-gap-default\">\n\t\t\t\t\t<div class=\"elementor-column elementor-col-100 elementor-top-column elementor-element elementor-element-9c0a4e8\" data-id=\"9c0a4e8\" data-element_type=\"column\" data-e-type=\"column\">\n\t\t\t<div class=\"elementor-widget-wrap elementor-element-populated\">\n\t\t\t\t\t\t<div class=\"elementor-element elementor-element-5dac16b elementor-widget elementor-widget-heading\" data-id=\"5dac16b\" data-element_type=\"widget\" data-e-type=\"widget\" data-widget_type=\"heading.default\">\n\t\t\t\t<div class=\"elementor-widget-container\">\n\t\t\t\t\t<h2 class=\"elementor-heading-title elementor-size-default\">Gordon Bennett 2024 : l'\u00e9quipe SUI-1 devient vice-championne du monde<\/h2>\t\t\t\t<\/div>\n\t\t\t\t<\/div>\n\t\t\t\t\t<\/div>\n\t\t<\/div>\n\t\t\t\t\t<\/div>\n\t\t<\/section>\n\t\t\t\t<section class=\"elementor-section elementor-top-section elementor-element elementor-element-6cbc48b elementor-section-boxed elementor-section-height-default elementor-section-height-default\" data-id=\"6cbc48b\" data-element_type=\"section\" data-e-type=\"section\">\n\t\t\t\t\t\t<div class=\"elementor-container elementor-column-gap-default\">\n\t\t\t\t\t<div class=\"elementor-column elementor-col-100 elementor-top-column elementor-element elementor-element-ee05696\" data-id=\"ee05696\" data-element_type=\"column\" data-e-type=\"column\">\n\t\t\t<div class=\"elementor-widget-wrap elementor-element-populated\">\n\t\t\t\t\t\t<div class=\"elementor-element elementor-element-f9a427f elementor-widget elementor-widget-text-editor\" data-id=\"f9a427f\" data-element_type=\"widget\" data-e-type=\"widget\" data-widget_type=\"text-editor.default\">\n\t\t\t\t<div class=\"elementor-widget-container\">\n\t\t\t\t\t\t\t\t\t<p><strong>Le championnat du monde de ballon \u00e0 gaz longue distance de cette ann\u00e9e n'aurait pas pu \u00eatre plus passionnant. Une course incroyable a couronn\u00e9 Kurt Frieden et Pascal Witpr\u00e4chtiger vice-champions du monde. Les 21 ballons \u00e0 gaz ont pris le d\u00e9part le 14 septembre \u00e0 M\u00fcnster, en Rh\u00e9nanie-du-Nord-Westphalie.<\/strong><\/p>\t\t\t\t\t\t\t\t<\/div>\n\t\t\t\t<\/div>\n\t\t\t\t<div class=\"elementor-element elementor-element-857b769 elementor-widget elementor-widget-text-editor\" data-id=\"857b769\" data-element_type=\"widget\" data-e-type=\"widget\" data-widget_type=\"text-editor.default\">\n\t\t\t\t<div class=\"elementor-widget-container\">\n\t\t\t\t\t\t\t\t\t<p>La course s'est dirig\u00e9e vers le sud-ouest, la France et la p\u00e9ninsule ib\u00e9rique jusqu'au Portugal. Les trois meilleures \u00e9quipes ont travers\u00e9 deux fois la mer, et les Autrichiens victorieux trois fois, ce qui a rendu l'arriv\u00e9e exceptionnellement excitante. La Suisse \u00e9tait au d\u00e9part avec deux ballons. Outre les troisi\u00e8mes, Balthasar Wicki et Ren\u00e9 Erni ont pris le d\u00e9part dans la nacelle de SUI-2.<\/p>\t\t\t\t\t\t\t\t<\/div>\n\t\t\t\t<\/div>\n\t\t\t\t<div class=\"elementor-element elementor-element-a96007d elementor-widget elementor-widget-image\" data-id=\"a96007d\" data-element_type=\"widget\" data-e-type=\"widget\" data-widget_type=\"image.default\">\n\t\t\t\t<div class=\"elementor-widget-container\">\n\t\t\t\t\t\t\t\t\t\t\t\t\t\t\t<img decoding=\"async\" src=\"https:\/\/aeroclub.ch\/2024_aeroclub\/wp-content\/uploads\/2024\/09\/GB2024.png\" title=\"\" alt=\"\" loading=\"lazy\" \/>\t\t\t\t\t\t\t\t\t\t\t\t\t\t\t<\/div>\n\t\t\t\t<\/div>\n\t\t\t\t<div class=\"elementor-element elementor-element-6114dcb elementor-widget elementor-widget-text-editor\" data-id=\"6114dcb\" data-element_type=\"widget\" data-e-type=\"widget\" data-widget_type=\"text-editor.default\">\n\t\t\t\t<div class=\"elementor-widget-container\">\n\t\t\t\t\t\t\t\t\t<p>Kurt Frieden et Pascal Witpr\u00e4chtiger ont atterri au Cabo de S\u00e3o Vicente apr\u00e8s deux jours, 18 heures et 2109,75 km parcourus. Environ une heure plus tard, Stefanie Liller et Christian Wagner se posaient \u00e0 leur tour. Ils \u00e9taient toujours en t\u00eate avec 2111,17 km parcourus. Mais ils ont d\u00fb trembler pour la victoire, car dans l'arri\u00e8re-pays, Andreas Zumrode et Axel Huhnekul rattrapaient encore des kilom\u00e8tres avec leur ballon GER-3. Les deux hommes n'ont pas manqu\u00e9 de souffle si vite. Le ballon a progress\u00e9 tr\u00e8s lentement mais r\u00e9guli\u00e8rement. Mais \u00e0 la fin, ils n'ont pas r\u00e9ussi \u00e0 battre les nouveaux vice-champions du monde Kurt Frieden et Pascal Witpr\u00e4chtiger et les nouveaux champions du monde et vainqueurs de la 67e \u00e9dition de la Coupe du monde.<sup>th<\/sup>\u00a0Coupe A\u00e9ronautique Gordon Bennett, Stefanie Liller et Christian Wagner d'Autriche.\u00a0<strong>BO<\/strong><\/p>\t\t\t\t\t\t\t\t<\/div>\n\t\t\t\t<\/div>\n\t\t\t\t\t<\/div>\n\t\t<\/div>\n\t\t\t\t\t<\/div>\n\t\t<\/section>\n\t\t\t\t<section class=\"elementor-section elementor-top-section elementor-element elementor-element-b25ee7d elementor-section-boxed elementor-section-height-default elementor-section-height-default\" data-id=\"b25ee7d\" data-element_type=\"section\" data-e-type=\"section\">\n\t\t\t\t\t\t<div class=\"elementor-container elementor-column-gap-default\">\n\t\t\t\t\t<div class=\"elementor-column elementor-col-100 elementor-top-column elementor-element elementor-element-c8a57f9\" data-id=\"c8a57f9\" data-element_type=\"column\" data-e-type=\"column\">\n\t\t\t<div class=\"elementor-widget-wrap elementor-element-populated\">\n\t\t\t\t\t\t<div class=\"elementor-element elementor-element-659a692 elementor-widget__width-inherit elementor-widget elementor-widget-video\" data-id=\"659a692\" data-element_type=\"widget\" data-e-type=\"widget\" data-settings=\"{&quot;youtube_url&quot;:&quot;https:\\\/\\\/youtu.be\\\/l7ESFRo2ugE&quot;,&quot;video_type&quot;:&quot;youtube&quot;,&quot;controls&quot;:&quot;yes&quot;}\" data-widget_type=\"video.default\">\n\t\t\t\t<div class=\"elementor-widget-container\">\n\t\t\t\t\t\t\t<div class=\"elementor-wrapper elementor-open-inline\">\n\t\t\t<div class=\"elementor-video\"><\/div>\t\t<\/div>\n\t\t\t\t\t\t<\/div>\n\t\t\t\t<\/div>\n\t\t\t\t\t<\/div>\n\t\t<\/div>\n\t\t\t\t\t<\/div>\n\t\t<\/section>\n\t\t\t\t<\/div>","protected":false},"excerpt":{"rendered":"<p>Gordon Bennett 2024 : Team SUI-1 vice-champion du monde Le championnat du monde de ballon \u00e0 gaz longue distance de cette ann\u00e9e n'aurait pas pu \u00eatre plus passionnant. Une course incroyable<\/p>","protected":false},"author":2,"featured_media":21200,"comment_status":"open","ping_status":"open","sticky":false,"template":"","format":"standard","meta":{"footnotes":""},"categories":[44],"tags":[],"class_list":["post-1396","post","type-post","status-publish","format-standard","has-post-thumbnail","hentry","category-aktuell"],"_links":{"self":[{"href":"https:\/\/aeroclub.ch\/fr\/wp-json\/wp\/v2\/posts\/1396","targetHints":{"allow":["GET"]}}],"collection":[{"href":"https:\/\/aeroclub.ch\/fr\/wp-json\/wp\/v2\/posts"}],"about":[{"href":"https:\/\/aeroclub.ch\/fr\/wp-json\/wp\/v2\/types\/post"}],"author":[{"embeddable":true,"href":"https:\/\/aeroclub.ch\/fr\/wp-json\/wp\/v2\/users\/2"}],"replies":[{"embeddable":true,"href":"https:\/\/aeroclub.ch\/fr\/wp-json\/wp\/v2\/comments?post=1396"}],"version-history":[{"count":0,"href":"https:\/\/aeroclub.ch\/fr\/wp-json\/wp\/v2\/posts\/1396\/revisions"}],"wp:featuredmedia":[{"embeddable":true,"href":"https:\/\/aeroclub.ch\/fr\/wp-json\/wp\/v2\/media\/21200"}],"wp:attachment":[{"href":"https:\/\/aeroclub.ch\/fr\/wp-json\/wp\/v2\/media?parent=1396"}],"wp:term":[{"taxonomy":"category","embeddable":true,"href":"https:\/\/aeroclub.ch\/fr\/wp-json\/wp\/v2\/categories?post=1396"},{"taxonomy":"post_tag","embeddable":true,"href":"https:\/\/aeroclub.ch\/fr\/wp-json\/wp\/v2\/tags?post=1396"}],"curies":[{"name":"wp","href":"https:\/\/api.w.org\/{rel}","templated":true}]}}