{"id":28032,"date":"2026-09-01T14:17:27","date_gmt":"2026-09-01T12:17:27","guid":{"rendered":"https:\/\/aeroclub.ch\/?p=28032"},"modified":"2026-09-01T14:17:27","modified_gmt":"2026-09-01T12:17:27","slug":"fliegerfest-birrfeld-vom-12-september-muss-verschoben-werden","status":"publish","type":"post","link":"https:\/\/aeroclub.ch\/en\/fliegerfest-birrfeld-vom-12-september-muss-verschoben-werden\/","title":{"rendered":"Fliegerfest Birrfeld vom 12. September muss verschoben werden"},"content":{"rendered":"<p><strong>Aufgrund von Unwettersch\u00e4den kann das Fliegerfest Birrfeld vom 12. September nicht durchgef\u00fchrt werden. Untenstehend eine Stellungnahme des OK:<\/strong><\/p>\n<p id=\"isPasted\" class=\"default\">&#171;Am Freitag, 28. August 2026, wurde das Birrfeld von einem ausserordentlich schweren Hagelsturm getroffen. Die Folgen dieses Ereignisses besch\u00e4ftigen uns bis heute intensiv. Mehrere Hangars sind aktuell nur eingeschr\u00e4nkt nutzbar, zahlreiche Flugzeuge wurden besch\u00e4digt und die Aufr\u00e4um- und Instandstellungsarbeiten werden noch l\u00e4ngere Zeit in Anspruch nehmen. Zudem pr\u00e4gen die sichtbaren Sch\u00e4den derzeit das Erscheinungsbild unseres Flugplatzes.<\/p>\n<p id=\"isPasted\" class=\"default\">In den vergangenen Tagen haben Vorstand, Gesch\u00e4ftsleitung und Organisationskomitee verschiedene M\u00f6glichkeiten gepr\u00fcft. Dabei stand f\u00fcr uns die Frage im Zentrum, ob wir unseren G\u00e4sten, Partnern und der Bev\u00f6lkerung das Birrfeld so pr\u00e4sentieren k\u00f6nnen, wie wir es uns urspr\u00fcnglich vorgenommen hatten. Nach sorgf\u00e4ltiger Abw\u00e4gung sind wir zum Schluss gekommen, dass dies unter den aktuellen Umst\u00e4nden nicht m\u00f6glich ist.<\/p>\n<p id=\"isPasted\" class=\"default\">Ein Flugplatzfest soll Begeisterung f\u00fcr die Luftfahrt wecken, Begegnungen erm\u00f6glichen und den Flugplatz von seiner besten Seite zeigen. Stattdessen w\u00fcrden die laufenden Wiederherstellungsarbeiten, die eingeschr\u00e4nkte Infrastruktur und die noch nicht bew\u00e4ltigten Sturmsch\u00e4den den Anlass pr\u00e4gen. Dies entspricht weder unserem Anspruch noch dem Erlebnis, das wir unseren Besucherinnen und Besuchern bieten m\u00f6chten.<\/p>\n<p id=\"isPasted\" class=\"default\"><strong>Wir haben uns deshalb entschieden, das Flugplatzfest sowie auch das Sommernachtsfest zu verschieben und zu einem sp\u00e4teren Zeitpunkt nachzuholen.<\/strong> Diese Entscheidung f\u00e4llt uns nicht leicht, sind doch in den vergangenen Monaten unz\u00e4hlige Stunden ehrenamtlicher Arbeit, viel Herzblut und grosses Engagement in die Vorbereitung dieses Anlasses geflossen.&#187;<\/p>","protected":false},"excerpt":{"rendered":"<p>Aufgrund von Unwettersch\u00e4den kann das Fliegerfest Birrfeld vom 12. September nicht durchgef\u00fchrt werden. Untenstehend eine Stellungnahme des OK: &#171;Am Freitag,<\/p>","protected":false},"author":2,"featured_media":28034,"comment_status":"open","ping_status":"open","sticky":false,"template":"","format":"standard","meta":{"colormag_page_container_layout":"default_layout","colormag_page_sidebar_layout":"default_layout","footnotes":""},"categories":[44],"tags":[],"class_list":["post-28032","post","type-post","status-publish","format-standard","has-post-thumbnail","hentry","category-aktuell"],"_links":{"self":[{"href":"https:\/\/aeroclub.ch\/en\/wp-json\/wp\/v2\/posts\/28032","targetHints":{"allow":["GET"]}}],"collection":[{"href":"https:\/\/aeroclub.ch\/en\/wp-json\/wp\/v2\/posts"}],"about":[{"href":"https:\/\/aeroclub.ch\/en\/wp-json\/wp\/v2\/types\/post"}],"author":[{"embeddable":true,"href":"https:\/\/aeroclub.ch\/en\/wp-json\/wp\/v2\/users\/2"}],"replies":[{"embeddable":true,"href":"https:\/\/aeroclub.ch\/en\/wp-json\/wp\/v2\/comments?post=28032"}],"version-history":[{"count":2,"href":"https:\/\/aeroclub.ch\/en\/wp-json\/wp\/v2\/posts\/28032\/revisions"}],"predecessor-version":[{"id":28035,"href":"https:\/\/aeroclub.ch\/en\/wp-json\/wp\/v2\/posts\/28032\/revisions\/28035"}],"wp:featuredmedia":[{"embeddable":true,"href":"https:\/\/aeroclub.ch\/en\/wp-json\/wp\/v2\/media\/28034"}],"wp:attachment":[{"href":"https:\/\/aeroclub.ch\/en\/wp-json\/wp\/v2\/media?parent=28032"}],"wp:term":[{"taxonomy":"category","embeddable":true,"href":"https:\/\/aeroclub.ch\/en\/wp-json\/wp\/v2\/categories?post=28032"},{"taxonomy":"post_tag","embeddable":true,"href":"https:\/\/aeroclub.ch\/en\/wp-json\/wp\/v2\/tags?post=28032"}],"curies":[{"name":"wp","href":"https:\/\/api.w.org\/{rel}","templated":true}]}}