{"id":27099,"date":"2026-04-30T16:27:20","date_gmt":"2026-04-30T14:27:20","guid":{"rendered":"https:\/\/aeroclub.ch\/?p=27099"},"modified":"2026-04-30T16:27:20","modified_gmt":"2026-04-30T14:27:20","slug":"yes-tag-bei-der-sg-basel-fricktal","status":"publish","type":"post","link":"https:\/\/aeroclub.ch\/en\/yes-tag-bei-der-sg-basel-fricktal\/","title":{"rendered":"YES-Tag bei der SG Basel-Fricktal"},"content":{"rendered":"<div data-elementor-type=\"wp-post\" data-elementor-id=\"27099\" class=\"elementor elementor-27099\" data-elementor-post-type=\"post\">\n\t\t\t\t\t\t<section class=\"elementor-section elementor-top-section elementor-element elementor-element-56195ec elementor-section-boxed elementor-section-height-default elementor-section-height-default\" data-id=\"56195ec\" data-element_type=\"section\" data-e-type=\"section\">\n\t\t\t\t\t\t<div class=\"elementor-container elementor-column-gap-default\">\n\t\t\t\t\t<div class=\"elementor-column elementor-col-100 elementor-top-column elementor-element elementor-element-9eb2e39\" data-id=\"9eb2e39\" data-element_type=\"column\" data-e-type=\"column\">\n\t\t\t<div class=\"elementor-widget-wrap elementor-element-populated\">\n\t\t\t\t\t\t<div class=\"elementor-element elementor-element-1fcbaf5 elementor-widget elementor-widget-text-editor\" data-id=\"1fcbaf5\" data-element_type=\"widget\" data-e-type=\"widget\" data-widget_type=\"text-editor.default\">\n\t\t\t\t<div class=\"elementor-widget-container\">\n\t\t\t\t\t\t\t\t\t<p><strong>P\u00fcnktlich zum 125-Jahr Jubil\u00e4um des AeCS f\u00fchrte die Segelfluggruppe Basel-Fricktal erstmals einen YES-Tag auf dem Flugplatz LSZI\/Fricktal-Schupfart durch<\/strong>.<\/p><p>Der f\u00fcr den 12. April geplante Anlass musste jedoch nach einer zweiw\u00f6chigen Sonnenphase wegen Dauerregen und tiefer Bew\u00f6lkung verschoben werden. Doch das Warten sollte sich lohnen: Am 26. April konnte mit 6 begeisterten Jugendlichen das Programm wie geplant und bei bestem Flugwetter durchgef\u00fchrt werden.<\/p><p>Der Tag startete mit dem gemeinsamen Briefing durch den Tagesfluglehrer, bevor sich die anwesenden Vereinsmittglieder und Schnuppersch\u00fcler dem Flugbetrieb zuwandten und die YES-TeilnehmerInnen im Theorieraum lernten, wie ein Segelflugzeug in die Luft kommt, dort stundenlang verweilen und mit nur einem Versuch wieder sicher Landen kann. Bei der anschliessenden Hangarbesichtigung traten die Jugendlichen mehrheitlich zum ersten Mal in direkten Kontakt mit einem Segelflugzeug. Wir schauten uns an, wie ein Cockpit aufgebaut ist, gefolgt von einer Fallschirmanprobe, Sitzprobe und einem Flugzeug-Aussencheck.<\/p>\t\t\t\t\t\t\t\t<\/div>\n\t\t\t\t<\/div>\n\t\t\t\t\t<\/div>\n\t\t<\/div>\n\t\t\t\t\t<\/div>\n\t\t<\/section>\n\t\t\t\t<section class=\"elementor-section elementor-top-section elementor-element elementor-element-44c87d1 elementor-section-boxed elementor-section-height-default elementor-section-height-default\" data-id=\"44c87d1\" data-element_type=\"section\" data-e-type=\"section\">\n\t\t\t\t\t\t<div class=\"elementor-container elementor-column-gap-default\">\n\t\t\t\t\t<div class=\"elementor-column elementor-col-100 elementor-top-column elementor-element elementor-element-fc706fc\" data-id=\"fc706fc\" data-element_type=\"column\" data-e-type=\"column\">\n\t\t\t<div class=\"elementor-widget-wrap elementor-element-populated\">\n\t\t\t\t\t\t<div class=\"elementor-element elementor-element-15b97c9 elementor-widget elementor-widget-image\" data-id=\"15b97c9\" data-element_type=\"widget\" data-e-type=\"widget\" data-widget_type=\"image.default\">\n\t\t\t\t<div class=\"elementor-widget-container\">\n\t\t\t\t\t\t\t\t\t\t\t\t\t\t\t<img decoding=\"async\" width=\"768\" height=\"422\" src=\"https:\/\/aeroclub.ch\/wp-content\/uploads\/2026\/04\/1000129715-768x422.webp\" class=\"attachment-medium_large size-medium_large wp-image-27104\" alt=\"\" srcset=\"https:\/\/aeroclub.ch\/wp-content\/uploads\/2026\/04\/1000129715-768x422.webp 768w, https:\/\/aeroclub.ch\/wp-content\/uploads\/2026\/04\/1000129715-300x165.webp 300w, https:\/\/aeroclub.ch\/wp-content\/uploads\/2026\/04\/1000129715-1024x563.webp 1024w, https:\/\/aeroclub.ch\/wp-content\/uploads\/2026\/04\/1000129715-1536x845.webp 1536w, https:\/\/aeroclub.ch\/wp-content\/uploads\/2026\/04\/1000129715-18x10.webp 18w, https:\/\/aeroclub.ch\/wp-content\/uploads\/2026\/04\/1000129715-350x193.webp 350w, https:\/\/aeroclub.ch\/wp-content\/uploads\/2026\/04\/1000129715-1100x605.webp 1100w, https:\/\/aeroclub.ch\/wp-content\/uploads\/2026\/04\/1000129715.webp 1600w\" sizes=\"(max-width: 768px) 100vw, 768px\" \/>\t\t\t\t\t\t\t\t\t\t\t\t\t\t\t<\/div>\n\t\t\t\t<\/div>\n\t\t\t\t\t<\/div>\n\t\t<\/div>\n\t\t\t\t\t<\/div>\n\t\t<\/section>\n\t\t\t\t<section class=\"elementor-section elementor-top-section elementor-element elementor-element-f151c08 elementor-section-boxed elementor-section-height-default elementor-section-height-default\" data-id=\"f151c08\" data-element_type=\"section\" data-e-type=\"section\">\n\t\t\t\t\t\t<div class=\"elementor-container elementor-column-gap-default\">\n\t\t\t\t\t<div class=\"elementor-column elementor-col-100 elementor-top-column elementor-element elementor-element-2ad1865\" data-id=\"2ad1865\" data-element_type=\"column\" data-e-type=\"column\">\n\t\t\t<div class=\"elementor-widget-wrap elementor-element-populated\">\n\t\t\t\t\t\t<div class=\"elementor-element elementor-element-dc6fc29 elementor-widget elementor-widget-text-editor\" data-id=\"dc6fc29\" data-element_type=\"widget\" data-e-type=\"widget\" data-widget_type=\"text-editor.default\">\n\t\t\t\t<div class=\"elementor-widget-container\">\n\t\t\t\t\t\t\t\t\t<p>Auf den kurzweiligen Vormittag folgte das Mittagessen am Grillplatz, welches dank vielen Salat-, Chips-, Brot-, Kuchen- und anderen Spenden sehr reichhaltig ausfiel.<\/p><p>Am Nachmittag folgte das eigentliche Highlight des Tages: Ein Flug im Doppelsitzer DG-1001. Die Jugendlichen konnten hautnah erleben, wie fein und direkt ein Segelflugzeug auf Steuerimputs reagiert, wie Luftbewegungen sp\u00fcrbar werden und wie toll die Aussicht aus der Vogelperspektive ist. Auch ein Looping wurde von einigen Teilnehmern gew\u00fcnscht und konnte ihnen dank der optimalen Wetterbedingungen im Flug auch tats\u00e4chlich demonstriert werden.<\/p><p>Nach dem letzten Flug konnten die TeilnehmerInnen ihre Zertifikate in Empfang nehmen und zufrieden und um einige Eindr\u00fccke reicher den Heimweg antreten. Einige Eltern w\u00e4ren wohl am liebsten auch gleich mitgeflogen&#8230;<\/p>\t\t\t\t\t\t\t\t<\/div>\n\t\t\t\t<\/div>\n\t\t\t\t\t<\/div>\n\t\t<\/div>\n\t\t\t\t\t<\/div>\n\t\t<\/section>\n\t\t\t\t<section class=\"elementor-section elementor-top-section elementor-element elementor-element-155d157 elementor-section-boxed elementor-section-height-default elementor-section-height-default\" data-id=\"155d157\" data-element_type=\"section\" data-e-type=\"section\">\n\t\t\t\t\t\t<div class=\"elementor-container elementor-column-gap-default\">\n\t\t\t\t\t<div class=\"elementor-column elementor-col-100 elementor-top-column elementor-element elementor-element-74a0794\" data-id=\"74a0794\" data-element_type=\"column\" data-e-type=\"column\">\n\t\t\t<div class=\"elementor-widget-wrap elementor-element-populated\">\n\t\t\t\t\t\t<div class=\"elementor-element elementor-element-f45ec71 elementor-widget elementor-widget-video\" data-id=\"f45ec71\" data-element_type=\"widget\" data-e-type=\"widget\" data-settings=\"{&quot;youtube_url&quot;:&quot;https:\\\/\\\/youtu.be\\\/R8ZnjBmig2E?si=fUinpND3V8y0I6Bs&quot;,&quot;video_type&quot;:&quot;youtube&quot;,&quot;controls&quot;:&quot;yes&quot;}\" data-widget_type=\"video.default\">\n\t\t\t\t<div class=\"elementor-widget-container\">\n\t\t\t\t\t\t\t<div class=\"elementor-wrapper elementor-open-inline\">\n\t\t\t<div class=\"elementor-video\"><\/div>\t\t<\/div>\n\t\t\t\t\t\t<\/div>\n\t\t\t\t<\/div>\n\t\t\t\t\t<\/div>\n\t\t<\/div>\n\t\t\t\t\t<\/div>\n\t\t<\/section>\n\t\t\t\t<\/div>","protected":false},"excerpt":{"rendered":"<p>P\u00fcnktlich zum 125-Jahr Jubil\u00e4um des AeCS f\u00fchrte die Segelfluggruppe Basel-Fricktal erstmals einen YES-Tag auf dem Flugplatz LSZI\/Fricktal-Schupfart durch. Der f\u00fcr<\/p>","protected":false},"author":2,"featured_media":27103,"comment_status":"open","ping_status":"open","sticky":false,"template":"","format":"standard","meta":{"footnotes":""},"categories":[31],"tags":[],"class_list":["post-27099","post","type-post","status-publish","format-standard","has-post-thumbnail","hentry","category-jugend"],"_links":{"self":[{"href":"https:\/\/aeroclub.ch\/en\/wp-json\/wp\/v2\/posts\/27099","targetHints":{"allow":["GET"]}}],"collection":[{"href":"https:\/\/aeroclub.ch\/en\/wp-json\/wp\/v2\/posts"}],"about":[{"href":"https:\/\/aeroclub.ch\/en\/wp-json\/wp\/v2\/types\/post"}],"author":[{"embeddable":true,"href":"https:\/\/aeroclub.ch\/en\/wp-json\/wp\/v2\/users\/2"}],"replies":[{"embeddable":true,"href":"https:\/\/aeroclub.ch\/en\/wp-json\/wp\/v2\/comments?post=27099"}],"version-history":[{"count":10,"href":"https:\/\/aeroclub.ch\/en\/wp-json\/wp\/v2\/posts\/27099\/revisions"}],"predecessor-version":[{"id":27111,"href":"https:\/\/aeroclub.ch\/en\/wp-json\/wp\/v2\/posts\/27099\/revisions\/27111"}],"wp:featuredmedia":[{"embeddable":true,"href":"https:\/\/aeroclub.ch\/en\/wp-json\/wp\/v2\/media\/27103"}],"wp:attachment":[{"href":"https:\/\/aeroclub.ch\/en\/wp-json\/wp\/v2\/media?parent=27099"}],"wp:term":[{"taxonomy":"category","embeddable":true,"href":"https:\/\/aeroclub.ch\/en\/wp-json\/wp\/v2\/categories?post=27099"},{"taxonomy":"post_tag","embeddable":true,"href":"https:\/\/aeroclub.ch\/en\/wp-json\/wp\/v2\/tags?post=27099"}],"curies":[{"name":"wp","href":"https:\/\/api.w.org\/{rel}","templated":true}]}}