{"id":23570,"date":"2025-05-01T07:39:02","date_gmt":"2025-05-01T05:39:02","guid":{"rendered":"https:\/\/aeroclub.ch\/?p=23570"},"modified":"2025-05-01T07:57:10","modified_gmt":"2025-05-01T05:57:10","slug":"junioren-trumpfen-auf","status":"publish","type":"post","link":"https:\/\/aeroclub.ch\/en\/junioren-trumpfen-auf\/","title":{"rendered":"World Indoor Skydiving Championships: Juniors come up trumps"},"content":{"rendered":"<div data-elementor-type=\"wp-post\" data-elementor-id=\"23570\" class=\"elementor elementor-23570\" data-elementor-post-type=\"post\">\n\t\t\t\t\t\t<section class=\"elementor-section elementor-top-section elementor-element elementor-element-2f7e0c2 elementor-section-boxed elementor-section-height-default elementor-section-height-default\" data-id=\"2f7e0c2\" data-element_type=\"section\" data-e-type=\"section\">\n\t\t\t\t\t\t<div class=\"elementor-container elementor-column-gap-default\">\n\t\t\t\t\t<div class=\"elementor-column elementor-col-100 elementor-top-column elementor-element elementor-element-d181622\" data-id=\"d181622\" data-element_type=\"column\" data-e-type=\"column\">\n\t\t\t<div class=\"elementor-widget-wrap elementor-element-populated\">\n\t\t\t\t\t\t<div class=\"elementor-element elementor-element-1a8559f elementor-widget elementor-widget-text-editor\" data-id=\"1a8559f\" data-element_type=\"widget\" data-e-type=\"widget\" data-widget_type=\"text-editor.default\">\n\t\t\t\t<div class=\"elementor-widget-container\">\n\t\t\t\t\t\t\t\t\t<p data-start=\"0\" data-end=\"535\"><strong>The 5th Indoor World Championships - Artistic Events have come to a successful conclusion and the Swiss delegation put in an outstanding performance. <\/strong><\/p><p data-start=\"0\" data-end=\"535\">With an impressive tally of two podium finishes and three further top 8 places, the athletes can be proud of their achievements.\u00a0<\/p><p data-start=\"537\" data-end=\"1150\">The Aero Club of Switzerland and Swiss Skydive would like to congratulate all competitors on their results. Their passion and commitment helped Switzerland to perform so well in this challenging international event.\u00a0<\/p><p data-start=\"537\" data-end=\"1150\">A big thank you also goes to the supervisors on site, who have made a significant contribution to these results. Without their support, supervision and expertise, such successes would not have been possible. They played a key role in enabling our athletes to reach their full potential.<\/p><p data-start=\"1152\" data-end=\"1573\">The results of the juniors are particularly pleasing. These not only show that the younger generations are already able to compete at a very high level, but also that Switzerland can look forward to a promising future in the Indoor Skydiving World Championships. The consistent performances and ambition of these young talents offer a hopeful outlook for upcoming competitions.<\/p><p data-start=\"1575\" data-end=\"1994\">Another important factor that has made these successes possible is the sponsors who have supported the team. A big thank you goes to Realfly Sion and Windwerk in Winterthur. Their generous support and commitment played a key role in ensuring that the athletes were able to prepare in the best possible way and perform at the highest level.<\/p><p data-start=\"1575\" data-end=\"1994\">\u00a0<\/p>\t\t\t\t\t\t\t\t<\/div>\n\t\t\t\t<\/div>\n\t\t\t\t\t<\/div>\n\t\t<\/div>\n\t\t\t\t\t<\/div>\n\t\t<\/section>\n\t\t\t\t<section class=\"elementor-section elementor-top-section elementor-element elementor-element-d68db96 elementor-section-boxed elementor-section-height-default elementor-section-height-default\" data-id=\"d68db96\" data-element_type=\"section\" data-e-type=\"section\">\n\t\t\t\t\t\t<div class=\"elementor-container elementor-column-gap-default\">\n\t\t\t\t\t<div class=\"elementor-column elementor-col-100 elementor-top-column elementor-element elementor-element-f02eda3\" data-id=\"f02eda3\" data-element_type=\"column\" data-e-type=\"column\">\n\t\t\t<div class=\"elementor-widget-wrap elementor-element-populated\">\n\t\t\t\t\t\t<div class=\"elementor-element elementor-element-4d437d9 elementor-widget elementor-widget-image\" data-id=\"4d437d9\" data-element_type=\"widget\" data-e-type=\"widget\" data-widget_type=\"image.default\">\n\t\t\t\t<div class=\"elementor-widget-container\">\n\t\t\t\t\t\t\t\t\t\t\t\t<figure class=\"wp-caption\">\n\t\t\t\t\t\t\t\t\t\t<img decoding=\"async\" width=\"800\" height=\"440\" src=\"https:\/\/aeroclub.ch\/wp-content\/uploads\/2025\/05\/A7C04213.webp\" class=\"attachment-large size-large wp-image-23583\" alt=\"\" srcset=\"https:\/\/aeroclub.ch\/wp-content\/uploads\/2025\/05\/A7C04213.webp 800w, https:\/\/aeroclub.ch\/wp-content\/uploads\/2025\/05\/A7C04213-300x165.webp 300w, https:\/\/aeroclub.ch\/wp-content\/uploads\/2025\/05\/A7C04213-768x422.webp 768w, https:\/\/aeroclub.ch\/wp-content\/uploads\/2025\/05\/A7C04213-18x10.webp 18w\" sizes=\"(max-width: 800px) 100vw, 800px\" \/>\t\t\t\t\t\t\t\t\t\t\t<figcaption class=\"widget-image-caption wp-caption-text\">The Swiss team in Charleroi, Belgium.<\/figcaption>\n\t\t\t\t\t\t\t\t\t\t<\/figure>\n\t\t\t\t\t\t\t\t\t<\/div>\n\t\t\t\t<\/div>\n\t\t\t\t\t<\/div>\n\t\t<\/div>\n\t\t\t\t\t<\/div>\n\t\t<\/section>\n\t\t\t\t<section class=\"elementor-section elementor-top-section elementor-element elementor-element-7f97f93 elementor-section-boxed elementor-section-height-default elementor-section-height-default\" data-id=\"7f97f93\" data-element_type=\"section\" data-e-type=\"section\">\n\t\t\t\t\t\t<div class=\"elementor-container elementor-column-gap-default\">\n\t\t\t\t\t<div class=\"elementor-column elementor-col-100 elementor-top-column elementor-element elementor-element-d177ca4\" data-id=\"d177ca4\" data-element_type=\"column\" data-e-type=\"column\">\n\t\t\t<div class=\"elementor-widget-wrap elementor-element-populated\">\n\t\t\t\t\t\t<div class=\"elementor-element elementor-element-51b59e8 elementor-widget elementor-widget-text-editor\" data-id=\"51b59e8\" data-element_type=\"widget\" data-e-type=\"widget\" data-widget_type=\"text-editor.default\">\n\t\t\t\t<div class=\"elementor-widget-container\">\n\t\t\t\t\t\t\t\t\t<h4>Overview of the results<\/h4><div><br><\/div>\n<p>Dynamic Flying D2W Junior: 3rd place - Sina and Robin Huber<\/p>\n<p>Dynamic Flying D4W: 2nd place - Benjamin Guex, Fabian Ramseyer, Filip Crnjakovic and Olivier Longchamps<\/p>\n<p>Dynamic Flying Solo Speed Junior: 4th place - Robin Huber<\/p>\n<p>Dynamic Flying Solo Speed: 11th place - Raphael Ramseier<\/p>\n<p>Solo Freestyle: 13th place - Lena M\u00fcller<\/p>\n<p>Solo Freestyle Junior: 6th place - Sina Huber<\/p>\n<p>Formation Skydiving Female 4th place - Airdrops with April Meyer, Mirjam Lutz, Sandra Hauser, Barbara Gloor<\/p>\n<p>Formation Skydiving Open 11th place - Realfly Fire with Ambra Vitti, Eric Planelles, J\u00e9r\u00f4me H\u00e9ritier, Jordan Demierre<\/p>\n<p>These successes are just some of the outstanding performances achieved at the 5th Indoor World Championships. All further results and detailed information can be found under the following link:<em><strong>&nbsp;<a href=\"https:\/\/results.worldskydiving.org\/FrontEnd\/Competitions\">https:\/\/results.worldskydiving.org\/FrontEnd\/Competitions<\/a><\/strong><\/em><\/p>\n<p><em>Pictures: Jonathan Hausherr and Ewan Cowie<\/em><\/p>\t\t\t\t\t\t\t\t<\/div>\n\t\t\t\t<\/div>\n\t\t\t\t\t<\/div>\n\t\t<\/div>\n\t\t\t\t\t<\/div>\n\t\t<\/section>\n\t\t\t\t<\/div>","protected":false},"excerpt":{"rendered":"<p>The 5th Indoor World Championships - Artistic Events have come to a successful conclusion and the Swiss delegation put in an outstanding performance.<\/p>","protected":false},"author":2,"featured_media":23580,"comment_status":"open","ping_status":"open","sticky":false,"template":"","format":"standard","meta":{"footnotes":""},"categories":[44,31],"tags":[],"class_list":["post-23570","post","type-post","status-publish","format-standard","has-post-thumbnail","hentry","category-aktuell","category-jugend"],"_links":{"self":[{"href":"https:\/\/aeroclub.ch\/en\/wp-json\/wp\/v2\/posts\/23570","targetHints":{"allow":["GET"]}}],"collection":[{"href":"https:\/\/aeroclub.ch\/en\/wp-json\/wp\/v2\/posts"}],"about":[{"href":"https:\/\/aeroclub.ch\/en\/wp-json\/wp\/v2\/types\/post"}],"author":[{"embeddable":true,"href":"https:\/\/aeroclub.ch\/en\/wp-json\/wp\/v2\/users\/2"}],"replies":[{"embeddable":true,"href":"https:\/\/aeroclub.ch\/en\/wp-json\/wp\/v2\/comments?post=23570"}],"version-history":[{"count":0,"href":"https:\/\/aeroclub.ch\/en\/wp-json\/wp\/v2\/posts\/23570\/revisions"}],"wp:featuredmedia":[{"embeddable":true,"href":"https:\/\/aeroclub.ch\/en\/wp-json\/wp\/v2\/media\/23580"}],"wp:attachment":[{"href":"https:\/\/aeroclub.ch\/en\/wp-json\/wp\/v2\/media?parent=23570"}],"wp:term":[{"taxonomy":"category","embeddable":true,"href":"https:\/\/aeroclub.ch\/en\/wp-json\/wp\/v2\/categories?post=23570"},{"taxonomy":"post_tag","embeddable":true,"href":"https:\/\/aeroclub.ch\/en\/wp-json\/wp\/v2\/tags?post=23570"}],"curies":[{"name":"wp","href":"https:\/\/api.w.org\/{rel}","templated":true}]}}